{"id":8118,"date":"2018-05-31T00:05:41","date_gmt":"2018-05-30T20:05:41","guid":{"rendered":"http:\/\/reveiletreforme.adventiste.re\/?p=8118"},"modified":"2018-05-20T09:54:32","modified_gmt":"2018-05-20T05:54:32","slug":"vigile-matinale-31-mai-3","status":"publish","type":"post","link":"http:\/\/reveiletreforme.adventiste.re\/?p=8118","title":{"rendered":"Vigile matinale 31 mai"},"content":{"rendered":"<p style=\"text-align: center;\"><strong>Ne jamais abandonner<\/strong><\/p>\n<p style=\"text-align: center;\"><strong>\u00ab De nouveau, pour la deuxi\u00e8me fois, il s\u2019\u00e9loigna et pria, disant : \u00ab Mon P\u00e8re, si cette coupe ne peut passer sans que je la boive, que ta volont\u00e9 se r\u00e9alise ! \u00bb Puis, de nouveau, il vint et les trouva en train de dormir, car leurs yeux \u00e9taient appesantis. Il les laissa, il s\u2019\u00e9loigna de nouveau et pria pour la troisi\u00e8me fois, en r\u00e9p\u00e9tant les m\u00eames paroles. \u00bb <em>Matthieu 26.42-44<\/em><\/strong><\/p>\n<p>Nous ignorons ce que le Christ a r\u00e9ellement \u00e9prouv\u00e9 en regardant ses disciples dormir profond\u00e9ment. Ils \u00e9taient sans doute fatigu\u00e9s et n\u2019avaient pas conscience de ce qui se tramait chez les chefs religieux. Le sommeil les avait envahis et J\u00e9sus s\u2019est retrouv\u00e9 seul.<\/p>\n<p><!--more-->Ne les bl\u00e2mons pas trop vite, car nous aurions pu nous retrouver aussi facilement dans ce m\u00eame \u00e9tat. Notre comportement n\u2019est pas si diff\u00e9rent de celui des disciples lorsqu\u2019il s\u2019agit parfois de soutenir moralement ou mat\u00e9riellement quelqu\u2019un en difficult\u00e9.<\/p>\n<p>Notre relation avec le Christ a toujours besoin de renouvellement, de force, de compassion. Quand nous aimons le Seigneur, nous apprenons aussi \u00e0 aimer les autres et nous d\u00e9veloppons un esprit de sacrifice. Ce n\u2019est pas toujours facile car chacun a ses d\u00e9fis personnels \u00e0 relever. Nos propres engagements peuvent facilement nous enfermer dans un quotidien charg\u00e9 \u00e0 tel point que nous n\u2019avons pas le temps de voir ou d\u2019entendre les besoins des autres. Nos yeux peuvent aussi <em>\u00ab s\u2019appesantir \u00bb.<\/em><\/p>\n<p>L\u2019Esprit de Dieu veut produire en nous cette tranche de patience pour nous aider \u00e0 combattre l\u2019indiff\u00e9rence, l\u2019\u00e9go\u00efsme, l\u2019intol\u00e9rance. Dieu ne compte pas sur nous pour r\u00e9soudre tous les probl\u00e8mes du monde mais il nous demande de pr\u00eater attention, dans la mesure du possible, aux besoins de ceux qui nous entourent. Il suffit parfois d\u2019un regard, d\u2019une main tendue, d\u2019un sourire, d\u2019un simple mot d\u2019encouragement\u2026<\/p>\n<p>La patience, c\u2019est prendre le temps d\u2019\u00e9couter quelqu\u2019un, de prier avec lui, de lui faire comprendre votre amiti\u00e9, sans de longs discours ou de promesses. Ne promettez pas ce que vous ne pouvez assumer, comme Pierre qui avait promis de ne jamais abandonner J\u00e9sus. Demandez simplement la patience au Seigneur, afin de pouvoir offrir en toute simplicit\u00e9 un signe d\u2019esp\u00e9rance \u00e0 ceux qui en ont besoin et qui comptent sur vous\u2026<\/p>\n<p><em>Pri\u00e8re du jour :<\/em> \u00ab Aide-moi Seigneur, \u00e0 \u00ab veiller avec toi \u00bb quand tu me demandes de la faire. Que le Saint-Esprit produise cette tranche de patience dans ma vie, afin d\u2019\u00eatre un signe d\u2019esp\u00e9rance. Amen ! \u00bb<\/p>\n","protected":false},"excerpt":{"rendered":"<p>Ne jamais abandonner \u00ab De nouveau, pour la deuxi\u00e8me fois, il s\u2019\u00e9loigna et pria, disant : \u00ab Mon P\u00e8re, si cette coupe ne peut passer sans que je la boive, que ta volont\u00e9 se r\u00e9alise ! \u00bb Puis, de nouveau, il vint et les trouva en train de dormir, car leurs yeux \u00e9taient appesantis. Il [&hellip;]<\/p>\n","protected":false},"author":4,"featured_media":0,"comment_status":"open","ping_status":"open","sticky":false,"template":"","format":"standard","meta":{"_exactmetrics_skip_tracking":false,"_exactmetrics_sitenote_active":false,"_exactmetrics_sitenote_note":"","_exactmetrics_sitenote_category":0,"footnotes":""},"categories":[15],"tags":[],"_links":{"self":[{"href":"http:\/\/reveiletreforme.adventiste.re\/index.php?rest_route=\/wp\/v2\/posts\/8118"}],"collection":[{"href":"http:\/\/reveiletreforme.adventiste.re\/index.php?rest_route=\/wp\/v2\/posts"}],"about":[{"href":"http:\/\/reveiletreforme.adventiste.re\/index.php?rest_route=\/wp\/v2\/types\/post"}],"author":[{"embeddable":true,"href":"http:\/\/reveiletreforme.adventiste.re\/index.php?rest_route=\/wp\/v2\/users\/4"}],"replies":[{"embeddable":true,"href":"http:\/\/reveiletreforme.adventiste.re\/index.php?rest_route=%2Fwp%2Fv2%2Fcomments&post=8118"}],"version-history":[{"count":3,"href":"http:\/\/reveiletreforme.adventiste.re\/index.php?rest_route=\/wp\/v2\/posts\/8118\/revisions"}],"predecessor-version":[{"id":8121,"href":"http:\/\/reveiletreforme.adventiste.re\/index.php?rest_route=\/wp\/v2\/posts\/8118\/revisions\/8121"}],"wp:attachment":[{"href":"http:\/\/reveiletreforme.adventiste.re\/index.php?rest_route=%2Fwp%2Fv2%2Fmedia&parent=8118"}],"wp:term":[{"taxonomy":"category","embeddable":true,"href":"http:\/\/reveiletreforme.adventiste.re\/index.php?rest_route=%2Fwp%2Fv2%2Fcategories&post=8118"},{"taxonomy":"post_tag","embeddable":true,"href":"http:\/\/reveiletreforme.adventiste.re\/index.php?rest_route=%2Fwp%2Fv2%2Ftags&post=8118"}],"curies":[{"name":"wp","href":"https:\/\/api.w.org\/{rel}","templated":true}]}}