{"id":8134,"date":"2018-06-03T00:26:24","date_gmt":"2018-06-02T20:26:24","guid":{"rendered":"http:\/\/reveiletreforme.adventiste.re\/?p=8134"},"modified":"2018-06-02T08:29:00","modified_gmt":"2018-06-02T04:29:00","slug":"vigile-matinale-03-juin-4","status":"publish","type":"post","link":"http:\/\/reveiletreforme.adventiste.re\/?p=8134","title":{"rendered":"Vigile matinale 03 juin"},"content":{"rendered":"<p style=\"text-align: center;\"><strong>La bont\u00e9 est agr\u00e9able<\/strong><\/p>\n<p style=\"text-align: center;\"><strong>\u00ab Soyez bons les uns pour les autres, ayez un c\u0153ur plein de tendresse. Pardonnez-vous les uns aux autres, comme Dieu vous a pardonn\u00e9 dans le Christ \u00bb.<em> \u00c9ph\u00e9siens 4.32<\/em><\/strong><\/p>\n<p>Quelle est la derni\u00e8re fois que vous avez d\u00e9gust\u00e9 un fruit bien juteux ? J\u2019imagine que vous en avez appr\u00e9ci\u00e9 chaque morceau et rien qu\u2019en lisant ces lignes votre m\u00e9moire gustative r\u00e9veille certaines sensations, n\u2019est-ce pas ! Je suis convaincu que vous ne manquerez pas d\u2019en manger de nouveau parce qu\u2019il fait partie de vos fruits pr\u00e9f\u00e9r\u00e9s. Il en est de m\u00eame pour la bont\u00e9 qui fait partie des tranches du fruit spirituel que le Seigneur veut voir dans notre vie.<\/p>\n<p><!--more-->Pourrait-on envisager une exp\u00e9rience spirituelle dans laquelle la bont\u00e9 n\u2019aurait aucune place visible ? Je suis s\u00fbr que chaque croyant serait d\u2019accord de dire que la bont\u00e9 doit couler de source, qu\u2019elle devrait devenir \u00ab naturelle \u00bb chez les disciples du Christ, comme un manguier donne naturellement des mangues ou un pommier des pommes\u2026<\/p>\n<p>L\u2019Ancien Testament parle de la bont\u00e9 \u00e0 partir de l\u2019adjectif tov, <em>\u00ab plaisant \u00bb, \u00ab joyeux \u00bb, \u00ab agr\u00e9able \u00bb<\/em>. Dans ce sens, ce qui est bon est ce qui est agr\u00e9able aux sens et par extension ce qui sied \u00e0 la morale ou \u00e0 l\u2019\u00e9thique. On parlerait volontiers d\u2019un bon pays, d\u2019un homme bon, d\u2019un jour agr\u00e9able, au sens d\u2019un jour de f\u00eate ou encore d\u2019une bonne entente.<\/p>\n<p>Le Nouveau testament emploie diff\u00e9rents adjectifs grecs pour traduire la notion du bien ou du bon : agathos <em>\u00ab bon \u00bb, \u00ab fid\u00e8le \u00bb<\/em> ou<em> \u00ab juste \u00bb<\/em>, terme s\u2019appliquant aussi bien \u00e0 Dieu qu\u2019\u00e0 l\u2019homme ; kalos <em>\u00ab magnifique \u00bb, \u00ab enti\u00e8rement bon \u00bb<\/em> d\u00e9crit aussi bien un bon fruit que les bonnes \u0153uvres ; chrestos <em>\u00ab plaisant \u00bb, \u00ab gentil \u00bb<\/em> traduit tout ce qui est doux, l\u00e9ger, agr\u00e9able, serviable, bon.<\/p>\n<p>D\u2019une mani\u00e8re g\u00e9n\u00e9rale, nous d\u00e9couvrons que la bont\u00e9 ne reste pas au niveau de la th\u00e9orie, mais elle devient active, et produit en l\u2019homme une sorte de r\u00e9sistance au mal ou \u00e0 la m\u00e9chancet\u00e9. La bont\u00e9 combat la mesquinerie, la cruaut\u00e9, les mauvaises pens\u00e9es envers autrui.<\/p>\n<p>Oui, le fruit de l\u2019Esprit a une tranche de bont\u00e9. Sachons l\u2019appr\u00e9cier et le faire appr\u00e9cier autour de nous.<\/p>\n<p><em>Pri\u00e8re du jour :<\/em> \u00ab Seigneur, tu m\u2019apprends aujourd\u2019hui encore que la bont\u00e9 doit \u00eatre visible dans la vie de tous ceux qui ont fait alliance avec toi. Aide-moi \u00e0 en t\u00e9moigner dans ma vie, pour la gloire de ton saint nom. Amen ! \u00bb<\/p>\n","protected":false},"excerpt":{"rendered":"<p>La bont\u00e9 est agr\u00e9able \u00ab Soyez bons les uns pour les autres, ayez un c\u0153ur plein de tendresse. Pardonnez-vous les uns aux autres, comme Dieu vous a pardonn\u00e9 dans le Christ \u00bb. \u00c9ph\u00e9siens 4.32 Quelle est la derni\u00e8re fois que vous avez d\u00e9gust\u00e9 un fruit bien juteux ? J\u2019imagine que vous en avez appr\u00e9ci\u00e9 chaque [&hellip;]<\/p>\n","protected":false},"author":4,"featured_media":0,"comment_status":"open","ping_status":"open","sticky":false,"template":"","format":"standard","meta":{"_exactmetrics_skip_tracking":false,"_exactmetrics_sitenote_active":false,"_exactmetrics_sitenote_note":"","_exactmetrics_sitenote_category":0,"footnotes":""},"categories":[15],"tags":[],"_links":{"self":[{"href":"http:\/\/reveiletreforme.adventiste.re\/index.php?rest_route=\/wp\/v2\/posts\/8134"}],"collection":[{"href":"http:\/\/reveiletreforme.adventiste.re\/index.php?rest_route=\/wp\/v2\/posts"}],"about":[{"href":"http:\/\/reveiletreforme.adventiste.re\/index.php?rest_route=\/wp\/v2\/types\/post"}],"author":[{"embeddable":true,"href":"http:\/\/reveiletreforme.adventiste.re\/index.php?rest_route=\/wp\/v2\/users\/4"}],"replies":[{"embeddable":true,"href":"http:\/\/reveiletreforme.adventiste.re\/index.php?rest_route=%2Fwp%2Fv2%2Fcomments&post=8134"}],"version-history":[{"count":3,"href":"http:\/\/reveiletreforme.adventiste.re\/index.php?rest_route=\/wp\/v2\/posts\/8134\/revisions"}],"predecessor-version":[{"id":8137,"href":"http:\/\/reveiletreforme.adventiste.re\/index.php?rest_route=\/wp\/v2\/posts\/8134\/revisions\/8137"}],"wp:attachment":[{"href":"http:\/\/reveiletreforme.adventiste.re\/index.php?rest_route=%2Fwp%2Fv2%2Fmedia&parent=8134"}],"wp:term":[{"taxonomy":"category","embeddable":true,"href":"http:\/\/reveiletreforme.adventiste.re\/index.php?rest_route=%2Fwp%2Fv2%2Fcategories&post=8134"},{"taxonomy":"post_tag","embeddable":true,"href":"http:\/\/reveiletreforme.adventiste.re\/index.php?rest_route=%2Fwp%2Fv2%2Ftags&post=8134"}],"curies":[{"name":"wp","href":"https:\/\/api.w.org\/{rel}","templated":true}]}}