{"id":8142,"date":"2018-06-05T00:07:59","date_gmt":"2018-06-04T20:07:59","guid":{"rendered":"http:\/\/reveiletreforme.adventiste.re\/?p=8142"},"modified":"2018-06-02T21:11:49","modified_gmt":"2018-06-02T17:11:49","slug":"vigile-matinale-05-juin-3","status":"publish","type":"post","link":"http:\/\/reveiletreforme.adventiste.re\/?p=8142","title":{"rendered":"Vigile matinale 05 juin"},"content":{"rendered":"<p style=\"text-align: center;\"><strong>Donner une part \u00e0 autrui 5 juin<\/strong><\/p>\n<p style=\"text-align: center;\"><strong>\u00ab Pardonne-nous nos torts envers toi, comme nous-m\u00eames nous avons pardonn\u00e9 \u00e0 ceux qui avaient des torts envers nous, et ne nous conduis pas dans la tentation, mais d\u00e9livre-nous du Tentateur. En effet, si vous pardonnez aux hommes leurs fautes, votre P\u00e8re c\u00e9leste vous pardonnera \u00e0 vous aussi ; mais si vous ne pardonnez pas aux hommes, votre P\u00e8re non plus ne vous pardonnera pas vos fautes. \u00bb <em>Matthieu 6.12-15<\/em><\/strong><\/p>\n<p>Le pardon n\u2019est pas une option dans la vie de toute personne confessant sa foi en l\u2019amour du Christ. Ce dernier a appris \u00e0 ses disciples que le pardon de Dieu va de pair avec le pardon que les hommes apprennent \u00e0 exercer entre eux. Il l\u2019exprime clairement dans la pri\u00e8re dominicale et dans la le\u00e7on qu\u2019il en tire, posant ainsi une condition au pardon divin pour l\u2019homme. La disposition du c\u0153ur et la joie du pardon sont des indices d\u2019une r\u00e9elle compr\u00e9hension de la bont\u00e9 de Dieu pour l\u2019homme.<\/p>\n<p><!--more-->Or, il arrive que le d\u00e9sir de pardonner \u00e0 son semblable soit pr\u00e9c\u00e9d\u00e9 de nombreuses exigences. Par exemple, on aimerait bien que l\u2019autre reconnaisse formellement ses torts, se repente et dise les mots qu\u2019on veut entendre. C\u2019est n\u00e9cessaire, mais tous les offenseurs n\u2019ont ni la promptitude ni la maturit\u00e9 pour exprimer ainsi leurs regrets. D\u2019ailleurs, il ne faut pas croire que ceux qui n\u2019expriment aucun regret ne souffrent pas des conflits ant\u00e9rieurs. Au fond d\u2019eux-m\u00eames ils portent souvent une peine inexprimable parce qu\u2019il y a une forme d\u2019ego, mal plac\u00e9 peut-\u00eatre, mais r\u00e9el. Il faut de l\u2019humilit\u00e9 et du courage, de la force, pour avouer s\u2019\u00eatre tromp\u00e9, reconna\u00eetre avoir fait du mal \u00e0 autrui.<\/p>\n<p>Les exigences envers les autres doivent devenir nos propres exigences. Il n\u2019est jamais facile de demander pardon et il n\u2019est pas facile de pardonner non plus.<\/p>\n<p>Mais le Seigneur nous place devant ce d\u00e9fi : le pardon fait partie de la pratique de notre foi !<\/p>\n<p>Pendant cette journ\u00e9e, nous aurons probablement l\u2019occasion de l\u2019exp\u00e9rimenter : offrir ou recevoir, comme nous le faisons avec une tranche de fruit.<\/p>\n<p><em>Pri\u00e8re du jour :<\/em> \u00ab Seigneur, aide-nous \u00e0 nous d\u00e9barrasser de nos pr\u00e9jug\u00e9s et de nos suffisances. Lib\u00e8re-nous de tout ce qui g\u00eane le partage du pardon. Amen ! \u00bb<\/p>\n","protected":false},"excerpt":{"rendered":"<p>Donner une part \u00e0 autrui 5 juin \u00ab Pardonne-nous nos torts envers toi, comme nous-m\u00eames nous avons pardonn\u00e9 \u00e0 ceux qui avaient des torts envers nous, et ne nous conduis pas dans la tentation, mais d\u00e9livre-nous du Tentateur. En effet, si vous pardonnez aux hommes leurs fautes, votre P\u00e8re c\u00e9leste vous pardonnera \u00e0 vous aussi [&hellip;]<\/p>\n","protected":false},"author":4,"featured_media":0,"comment_status":"open","ping_status":"open","sticky":false,"template":"","format":"standard","meta":{"_exactmetrics_skip_tracking":false,"_exactmetrics_sitenote_active":false,"_exactmetrics_sitenote_note":"","_exactmetrics_sitenote_category":0,"footnotes":""},"categories":[15],"tags":[],"_links":{"self":[{"href":"http:\/\/reveiletreforme.adventiste.re\/index.php?rest_route=\/wp\/v2\/posts\/8142"}],"collection":[{"href":"http:\/\/reveiletreforme.adventiste.re\/index.php?rest_route=\/wp\/v2\/posts"}],"about":[{"href":"http:\/\/reveiletreforme.adventiste.re\/index.php?rest_route=\/wp\/v2\/types\/post"}],"author":[{"embeddable":true,"href":"http:\/\/reveiletreforme.adventiste.re\/index.php?rest_route=\/wp\/v2\/users\/4"}],"replies":[{"embeddable":true,"href":"http:\/\/reveiletreforme.adventiste.re\/index.php?rest_route=%2Fwp%2Fv2%2Fcomments&post=8142"}],"version-history":[{"count":3,"href":"http:\/\/reveiletreforme.adventiste.re\/index.php?rest_route=\/wp\/v2\/posts\/8142\/revisions"}],"predecessor-version":[{"id":8145,"href":"http:\/\/reveiletreforme.adventiste.re\/index.php?rest_route=\/wp\/v2\/posts\/8142\/revisions\/8145"}],"wp:attachment":[{"href":"http:\/\/reveiletreforme.adventiste.re\/index.php?rest_route=%2Fwp%2Fv2%2Fmedia&parent=8142"}],"wp:term":[{"taxonomy":"category","embeddable":true,"href":"http:\/\/reveiletreforme.adventiste.re\/index.php?rest_route=%2Fwp%2Fv2%2Fcategories&post=8142"},{"taxonomy":"post_tag","embeddable":true,"href":"http:\/\/reveiletreforme.adventiste.re\/index.php?rest_route=%2Fwp%2Fv2%2Ftags&post=8142"}],"curies":[{"name":"wp","href":"https:\/\/api.w.org\/{rel}","templated":true}]}}