{"id":8151,"date":"2018-06-07T00:15:03","date_gmt":"2018-06-06T20:15:03","guid":{"rendered":"http:\/\/reveiletreforme.adventiste.re\/?p=8151"},"modified":"2018-06-02T21:18:36","modified_gmt":"2018-06-02T17:18:36","slug":"vigile-matinale-07-juin-3","status":"publish","type":"post","link":"http:\/\/reveiletreforme.adventiste.re\/?p=8151","title":{"rendered":"Vigile matinale 07 juin"},"content":{"rendered":"<p style=\"text-align: center;\"><strong>Le miracle de la bont\u00e9<br \/>\n<\/strong><\/p>\n<p style=\"text-align: center;\"><strong>\u00ab Car l\u2019\u00c9ternel est bon, sa bont\u00e9 dure toujours. \u00bb <em>Psaume 100.5b<\/em><\/strong><\/p>\n<p>Quelle est votre d\u00e9finition de la bont\u00e9 ? Faites-vous facilement preuve de bont\u00e9 ? Connaissez-vous une personne qui produit cette tranche du fruit spirituel ? Quel est votre dernier \u00ab acte de bont\u00e9 \u00bb ?<\/p>\n<p><!--more-->Ces questions ne s\u2019adressent pas seulement \u00e0 vous qui lisez ce texte. Elles me concernent \u00e9galement, elles concernent tous ceux qui veulent vivre fid\u00e8lement avec le Seigneur.<\/p>\n<p>Si Dieu est fid\u00e8le et bon, il est raisonnable de penser qu\u2019il demande le m\u00eame comportement de ceux qui professent croire en lui, et ce en d\u00e9pit des limites de notre condition.<\/p>\n<p>Faut-il \u00eatre bon parce qu\u2019on est chr\u00e9tien ?<\/p>\n<p>Paul emploie le terme \u00ab\u00a0chrestotes\u00a0\u00bb pour signifier cette tranche du fruit spirituel.<\/p>\n<p>Toutefois, il faut reconna\u00eetre la difficult\u00e9 de d\u00e9finir, en une phrase, la notion de bont\u00e9, d\u2019autant qu\u2019elle est en lien direct avec d\u2019autres aspects de la croissance spirituelle du chr\u00e9tien. La bont\u00e9 se d\u00e9finit davantage dans sa dimension pratique que dans de belles th\u00e9ories : \u00eatre bon, c\u2019est manifester les qualit\u00e9s propres \u00e0 ce que l\u2019on est ou ce que l\u2019on fait. \u00catre bon, c\u2019est t\u00e9moigner d\u2019une certaine probit\u00e9 et de grandes qualit\u00e9s morales. \u00catre bon, c\u2019est aimer et pratiquer ce qui est bien.<\/p>\n<p>Et si la bont\u00e9 \u00e9tait le miracle le plus urgent dans notre vie personnelle !<\/p>\n<p><em>Pri\u00e8re du jour :<\/em> \u00ab Seigneur, je suis ouvert \u00e0 ta gr\u00e2ce qui sauve et qui restaure, qui redonne go\u00fbt \u00e0 la foi et \u00e0 l\u2019esp\u00e9rance. Mais tu veux que tout cela soit empreint de bont\u00e9. Merci pour les victoires que tu dois remporter dans ma vie ! \u00bb<\/p>\n","protected":false},"excerpt":{"rendered":"<p>Le miracle de la bont\u00e9 \u00ab Car l\u2019\u00c9ternel est bon, sa bont\u00e9 dure toujours. \u00bb Psaume 100.5b Quelle est votre d\u00e9finition de la bont\u00e9 ? Faites-vous facilement preuve de bont\u00e9 ? Connaissez-vous une personne qui produit cette tranche du fruit spirituel ? Quel est votre dernier \u00ab acte de bont\u00e9 \u00bb ?<\/p>\n","protected":false},"author":4,"featured_media":0,"comment_status":"open","ping_status":"open","sticky":false,"template":"","format":"standard","meta":{"_exactmetrics_skip_tracking":false,"_exactmetrics_sitenote_active":false,"_exactmetrics_sitenote_note":"","_exactmetrics_sitenote_category":0,"footnotes":""},"categories":[15],"tags":[],"_links":{"self":[{"href":"http:\/\/reveiletreforme.adventiste.re\/index.php?rest_route=\/wp\/v2\/posts\/8151"}],"collection":[{"href":"http:\/\/reveiletreforme.adventiste.re\/index.php?rest_route=\/wp\/v2\/posts"}],"about":[{"href":"http:\/\/reveiletreforme.adventiste.re\/index.php?rest_route=\/wp\/v2\/types\/post"}],"author":[{"embeddable":true,"href":"http:\/\/reveiletreforme.adventiste.re\/index.php?rest_route=\/wp\/v2\/users\/4"}],"replies":[{"embeddable":true,"href":"http:\/\/reveiletreforme.adventiste.re\/index.php?rest_route=%2Fwp%2Fv2%2Fcomments&post=8151"}],"version-history":[{"count":5,"href":"http:\/\/reveiletreforme.adventiste.re\/index.php?rest_route=\/wp\/v2\/posts\/8151\/revisions"}],"predecessor-version":[{"id":8156,"href":"http:\/\/reveiletreforme.adventiste.re\/index.php?rest_route=\/wp\/v2\/posts\/8151\/revisions\/8156"}],"wp:attachment":[{"href":"http:\/\/reveiletreforme.adventiste.re\/index.php?rest_route=%2Fwp%2Fv2%2Fmedia&parent=8151"}],"wp:term":[{"taxonomy":"category","embeddable":true,"href":"http:\/\/reveiletreforme.adventiste.re\/index.php?rest_route=%2Fwp%2Fv2%2Fcategories&post=8151"},{"taxonomy":"post_tag","embeddable":true,"href":"http:\/\/reveiletreforme.adventiste.re\/index.php?rest_route=%2Fwp%2Fv2%2Ftags&post=8151"}],"curies":[{"name":"wp","href":"https:\/\/api.w.org\/{rel}","templated":true}]}}