{"id":8157,"date":"2018-06-08T00:18:45","date_gmt":"2018-06-07T20:18:45","guid":{"rendered":"http:\/\/reveiletreforme.adventiste.re\/?p=8157"},"modified":"2018-06-02T21:21:32","modified_gmt":"2018-06-02T17:21:32","slug":"vigile-matinale-08-juin-3","status":"publish","type":"post","link":"http:\/\/reveiletreforme.adventiste.re\/?p=8157","title":{"rendered":"Vigile matinale 08 juin"},"content":{"rendered":"<p style=\"text-align: center;\"><strong>Le t\u00e9moignage d\u2019Abraham<\/strong><\/p>\n<p style=\"text-align: center;\"><strong>\u00ab Abram dit \u00e0 Lot : Qu&rsquo;il n\u2019y ait point, je te prie, de dispute entre moi et toi, ni entre mes bergers et tes bergers ; car nous sommes fr\u00e8res. Tout le pays n\u2019est-il pas devant toi ? S\u00e9pare-toi donc de moi : si tu vas \u00e0 gauche, j\u2019irai \u00e0 droite ; si tu vas \u00e0 droite, j\u2019irai \u00e0 gauche. \u00bb<em> Gen\u00e8se 13.8,9<\/em><\/strong><\/p>\n<p>M\u00eame s\u2019il est difficile de r\u00e9sumer en une phrase le sens de la bont\u00e9, il est int\u00e9ressant de constater que ce n\u2019est pas quelque chose de th\u00e9orique. La bont\u00e9 est r\u00e9elle, ce qui signifie qu\u2019elle se transforme souvent en t\u00e9moignage. A ce sujet, nous pouvons \u00e9tudier plusieurs figures bibliques qui ont appris et exerc\u00e9 cette valeur.<\/p>\n<p><!--more-->Consid\u00e9rons, par exemple Abraham, le p\u00e8re de la foi, l\u2019homme qui parlait avec Dieu comme on parle \u00e0 un ami. L\u2019un des t\u00e9moignages de la bont\u00e9 d\u2019Abraham se trouve dans la proposition qu\u2019il fait \u00e0 son neveu Lot. Il lui demande de choisir o\u00f9 il veut s\u2019installer avec sa famille. Abraham fait preuve de bont\u00e9 et de g\u00e9n\u00e9rosit\u00e9. Il aurait pu exercer son autorit\u00e9 et imposer son choix \u00e0 son neveu. Il aurait pu int\u00e9grer ce dernier dans son propre camp, \u00e9vitant ainsi le souci du partage. L\u2019homme de foi cherche d\u2019abord l\u2019int\u00e9r\u00eat de l\u2019autre, ce qui, m\u00eame en ces temps ancestraux, ne devait pas \u00eatre une pratique courante.<\/p>\n<p>Un peu plus tard, le m\u00eame Abraham va n\u00e9gocier le salut de son neveu (Gen\u00e8se 18.16-33). Il demandera \u00e0 Dieu d\u2019\u00e9pargner Sodome et Gomorrhe, sachant que Lot et sa famille y r\u00e9sidaient. Cette intercession ressemble tant \u00e0 celle du Christ lui-m\u00eame, interc\u00e9dant aupr\u00e8s du P\u00e8re en faveur de notre salut. En cela Abraham devient un type du Messie.<\/p>\n<p>Abraham, le p\u00e8re de la foi apprend la patience. Pourtant, il a l\u2019air d\u2019un vieillard press\u00e9 mais il veut \u00eatre bon et juste envers son neveu. Cette histoire peut encore nous instruire en ce qui concerne la bont\u00e9. Ainsi, nous aurons l\u2019occasion d\u2019une auto-critique.<\/p>\n<p>Quel est votre profil de chr\u00e9tien ?<br \/>\nDe quelle aide divine avez-vous besoin en cette journ\u00e9e ?<\/p>\n<p>Ne ratez pas l\u2019occasion de vous expliquer avec le Seigneur\u2026<\/p>\n<p><em>Pri\u00e8re du jour :<\/em> \u00ab P\u00e8re c\u00e9leste, Abraham a marqu\u00e9 l\u2019histoire de la foi biblique. Pour que la foi trouve un \u00e9cho chez nos contemporains, rends-nous sensibles \u00e0 ta bont\u00e9, pour apprendre \u00e0 aimer et \u00e0 t\u00e9moigner de ta bont\u00e9 conciliante. Amen ! \u00bb<\/p>\n","protected":false},"excerpt":{"rendered":"<p>Le t\u00e9moignage d\u2019Abraham \u00ab Abram dit \u00e0 Lot : Qu&rsquo;il n\u2019y ait point, je te prie, de dispute entre moi et toi, ni entre mes bergers et tes bergers ; car nous sommes fr\u00e8res. Tout le pays n\u2019est-il pas devant toi ? S\u00e9pare-toi donc de moi : si tu vas \u00e0 gauche, j\u2019irai \u00e0 droite [&hellip;]<\/p>\n","protected":false},"author":4,"featured_media":0,"comment_status":"open","ping_status":"open","sticky":false,"template":"","format":"standard","meta":{"_exactmetrics_skip_tracking":false,"_exactmetrics_sitenote_active":false,"_exactmetrics_sitenote_note":"","_exactmetrics_sitenote_category":0,"footnotes":""},"categories":[15],"tags":[],"_links":{"self":[{"href":"http:\/\/reveiletreforme.adventiste.re\/index.php?rest_route=\/wp\/v2\/posts\/8157"}],"collection":[{"href":"http:\/\/reveiletreforme.adventiste.re\/index.php?rest_route=\/wp\/v2\/posts"}],"about":[{"href":"http:\/\/reveiletreforme.adventiste.re\/index.php?rest_route=\/wp\/v2\/types\/post"}],"author":[{"embeddable":true,"href":"http:\/\/reveiletreforme.adventiste.re\/index.php?rest_route=\/wp\/v2\/users\/4"}],"replies":[{"embeddable":true,"href":"http:\/\/reveiletreforme.adventiste.re\/index.php?rest_route=%2Fwp%2Fv2%2Fcomments&post=8157"}],"version-history":[{"count":3,"href":"http:\/\/reveiletreforme.adventiste.re\/index.php?rest_route=\/wp\/v2\/posts\/8157\/revisions"}],"predecessor-version":[{"id":8160,"href":"http:\/\/reveiletreforme.adventiste.re\/index.php?rest_route=\/wp\/v2\/posts\/8157\/revisions\/8160"}],"wp:attachment":[{"href":"http:\/\/reveiletreforme.adventiste.re\/index.php?rest_route=%2Fwp%2Fv2%2Fmedia&parent=8157"}],"wp:term":[{"taxonomy":"category","embeddable":true,"href":"http:\/\/reveiletreforme.adventiste.re\/index.php?rest_route=%2Fwp%2Fv2%2Fcategories&post=8157"},{"taxonomy":"post_tag","embeddable":true,"href":"http:\/\/reveiletreforme.adventiste.re\/index.php?rest_route=%2Fwp%2Fv2%2Ftags&post=8157"}],"curies":[{"name":"wp","href":"https:\/\/api.w.org\/{rel}","templated":true}]}}