{"id":8175,"date":"2018-06-12T00:35:11","date_gmt":"2018-06-11T20:35:11","guid":{"rendered":"http:\/\/reveiletreforme.adventiste.re\/?p=8175"},"modified":"2018-06-10T22:37:48","modified_gmt":"2018-06-10T18:37:48","slug":"vigile-matinale-12-juin-3","status":"publish","type":"post","link":"http:\/\/reveiletreforme.adventiste.re\/?p=8175","title":{"rendered":"Vigile matinale 12 juin"},"content":{"rendered":"<p style=\"text-align: center;\"><strong>Tout avec J\u00e9sus<\/strong><\/p>\n<p style=\"text-align: center;\"><strong>\u00ab Nous savons, du reste, que toutes choses concourent au bien de ceux qui aiment Dieu, de ceux qui sont appel\u00e9s selon son dessein. \u00bb <em>Romains 8.28<\/em><\/strong><\/p>\n<p>Quand nous lisons cette d\u00e9claration de Paul, nous avons l\u2019impression que tout ira pour le mieux dans le meilleur des mondes et que la bont\u00e9 de Dieu s\u2019exercera sans limites. Mais il arrive que notre quotidien soit boulevers\u00e9 par quelques \u00e9preuves et nous nous posons des questions. Vous est-il d\u00e9j\u00e0 arriv\u00e9 de vouloir abandonner, d&rsquo;avoir envie de tout l\u00e2cher, de tout quitter parce que rien ne fonctionnait comme vous le souhaitiez ?<\/p>\n<p><!--more-->Depuis le jour o\u00f9 il avait pris la d\u00e9cision de suivre le Seigneur, l&rsquo;ap\u00f4tre Paul, qui est l\u2019auteur de ce verset, n\u2019avait cess\u00e9 de conna\u00eetre de multiples p\u00e9rip\u00e9ties. D\u2019ailleurs, J\u00e9sus-Christ avait dit \u00e0 son sujet : <em>\u00ab Je lui montrerai tout ce qu&rsquo;il doit souffrir pour mon nom \u00bb<\/em>. (Actes 9.16)<\/p>\n<p>Paul \u00e9tait entier dans son engagement en tant que ministre de l\u2019\u00c9vangile. Il est rest\u00e9 ferme jusqu&rsquo;\u00e0 la fin, convaincu que ni les \u00e9v\u00e9nements ni les adversaires n\u2019\u00e9taient en mesure de l&rsquo;arr\u00eater dans sa course, parce qu\u2019il se sentait appel\u00e9 par le Seigneur. <em>\u00ab J\u2019ai combattu le bon combat, j&rsquo;ai achev\u00e9 la course, j\u2019ai gard\u00e9 la foi \u00bb<\/em>. (2 Timoth\u00e9e 4.7) Savez-vous que lorsque vous \u00eates dans le bon chemin que vous voulez faire la volont\u00e9 divine, le diable essaiera de toutes ses forces de vous arr\u00eater ? Il veut vous voir abandonner la course, le combat, et ainsi vous faire croire que vous \u00eates un perdant, quelqu\u2019un qui n\u2019y arrivera jamais ! Mais pas de panique : le Saint-Esprit veut vous aider !<\/p>\n<p>Aujourd\u2019hui, vous \u00eates peut-\u00eatre d\u00e9courag\u00e9, pensant que ce combat que vous menez est trop p\u00e9nible pour vous ; et vous avez certainement raison ! Levez les yeux vers le ciel, d\u2019o\u00f9 viendra le vrai secours ! <em>\u00ab Cette \u0153uvre, vous l\u2019accomplirez ni par votre bravoure ni par la force, mais par mon Esprit&#8230; \u00bb<\/em> (Zacharie 4.6).<\/p>\n<p><em>Pri\u00e8re du jour :<\/em> \u00ab Seigneur, m\u00eame si tout peut contribuer \u00e0 notre bien, tes enfants ont besoin de ton aide et de ton soutien. Apprends-nous \u00e0 nous soumettre \u00e0 l\u2019autorit\u00e9 du Saint-Esprit pour que nous ayons la foi courageuse de faire face \u00e0 TOUTES choses\u2026Avec toi et pour toi. Amen ! \u00bb<\/p>\n","protected":false},"excerpt":{"rendered":"<p>Tout avec J\u00e9sus \u00ab Nous savons, du reste, que toutes choses concourent au bien de ceux qui aiment Dieu, de ceux qui sont appel\u00e9s selon son dessein. \u00bb Romains 8.28 Quand nous lisons cette d\u00e9claration de Paul, nous avons l\u2019impression que tout ira pour le mieux dans le meilleur des mondes et que la bont\u00e9 [&hellip;]<\/p>\n","protected":false},"author":4,"featured_media":0,"comment_status":"open","ping_status":"open","sticky":false,"template":"","format":"standard","meta":{"_exactmetrics_skip_tracking":false,"_exactmetrics_sitenote_active":false,"_exactmetrics_sitenote_note":"","_exactmetrics_sitenote_category":0,"footnotes":""},"categories":[15],"tags":[],"_links":{"self":[{"href":"http:\/\/reveiletreforme.adventiste.re\/index.php?rest_route=\/wp\/v2\/posts\/8175"}],"collection":[{"href":"http:\/\/reveiletreforme.adventiste.re\/index.php?rest_route=\/wp\/v2\/posts"}],"about":[{"href":"http:\/\/reveiletreforme.adventiste.re\/index.php?rest_route=\/wp\/v2\/types\/post"}],"author":[{"embeddable":true,"href":"http:\/\/reveiletreforme.adventiste.re\/index.php?rest_route=\/wp\/v2\/users\/4"}],"replies":[{"embeddable":true,"href":"http:\/\/reveiletreforme.adventiste.re\/index.php?rest_route=%2Fwp%2Fv2%2Fcomments&post=8175"}],"version-history":[{"count":3,"href":"http:\/\/reveiletreforme.adventiste.re\/index.php?rest_route=\/wp\/v2\/posts\/8175\/revisions"}],"predecessor-version":[{"id":8178,"href":"http:\/\/reveiletreforme.adventiste.re\/index.php?rest_route=\/wp\/v2\/posts\/8175\/revisions\/8178"}],"wp:attachment":[{"href":"http:\/\/reveiletreforme.adventiste.re\/index.php?rest_route=%2Fwp%2Fv2%2Fmedia&parent=8175"}],"wp:term":[{"taxonomy":"category","embeddable":true,"href":"http:\/\/reveiletreforme.adventiste.re\/index.php?rest_route=%2Fwp%2Fv2%2Fcategories&post=8175"},{"taxonomy":"post_tag","embeddable":true,"href":"http:\/\/reveiletreforme.adventiste.re\/index.php?rest_route=%2Fwp%2Fv2%2Ftags&post=8175"}],"curies":[{"name":"wp","href":"https:\/\/api.w.org\/{rel}","templated":true}]}}