{"id":8179,"date":"2018-06-13T00:56:50","date_gmt":"2018-06-12T20:56:50","guid":{"rendered":"http:\/\/reveiletreforme.adventiste.re\/?p=8179"},"modified":"2018-06-10T22:57:42","modified_gmt":"2018-06-10T18:57:42","slug":"vigile-matinale-13-juin-3","status":"publish","type":"post","link":"http:\/\/reveiletreforme.adventiste.re\/?p=8179","title":{"rendered":"Vigile matinale 13 juin"},"content":{"rendered":"<p style=\"text-align: center;\"><strong>Bont\u00e9 et r\u00e9conciliation<\/strong><\/p>\n<p style=\"text-align: center;\"><strong>\u00ab Donc, lorsque tu vas pr\u00e9senter ton offrande \u00e0 l\u2019autel, si, l\u00e0, tu te souviens que ton fr\u00e8re a quelque chose contre toi, laisse ton offrande, l\u00e0, devant l\u2019autel, va d\u2019abord te r\u00e9concilier avec ton fr\u00e8re, et ensuite viens pr\u00e9senter ton offrande. \u00bb <em>Matthieu 5.23,24<\/em><\/strong><\/p>\n<p>Pas facile d\u2019\u00eatre bon\u2026face \u00e0 la mauvaise foi !<br \/>\nMais il semble que J\u00e9sus nous demande de ne pas nous abriter derri\u00e8re la mauvaise foi des autres pour refuser la conciliation.<\/p>\n<p><!--more--><em>\u00ab Si l\u00e0 tu te souviens que ton fr\u00e8re a quelque chose contre toi&#8230; \u00bb<\/em>. Cette phrase s\u2019interpr\u00e8te dans les deux sens : le fr\u00e8re a une mauvaise pens\u00e9e envers toi ou le fr\u00e8re a quelque chose \u00e0 te reprocher. Lorsque nous offrons l\u2019offrande au Seigneur, c\u2019est-\u00e0-dire lorsque nous participons au culte d\u2019adoration et de mani\u00e8re plus g\u00e9n\u00e9rale lorsque nous prions, faisons-le avec tout notre \u00eatre. Non pas simplement avec nos l\u00e8vres. Mais avec notre c\u0153ur. Ce n\u2019est pas simplement le moi, qui me suis lev\u00e9 ce matin pour aller \u00e0 l\u2019\u00e9glise, qui prie, mais c\u2019est toute ma personne, le moi avec mon histoire. Mes bons souvenirs et mes regrets, mes qualit\u00e9s et mes d\u00e9fauts. Et c\u2019est toute cette personne que le Seigneur voit s\u2019approcher de sa maison, de l\u2019\u00e9glise pour le prier. Pensons-y, quel bonheur dans le c\u0153ur du Christ lorsqu\u2019il nous verra arriver \u00e0 l\u2019\u00e9glise comme quelqu\u2019un qui a su se r\u00e9concilier avec son prochain. En tout cas qui fait de son mieux\u2026<br \/>\nParfois cette d\u00e9marche s\u2019av\u00e8re difficile parce qu\u2019en face il y a une r\u00e9elle fermeture. Prenez un ou deux t\u00e9moins pour que votre d\u00e9marche saine et sainte soit le fruit d\u2019une conviction r\u00e9elle. Cette d\u00e9marche doit \u00eatre constructive et raisonnable, en vue du bien.<\/p>\n<p>J\u00e9sus nous conna\u00eet et il sait que nous avons nos moments de faiblesse et que, nous le voulions ou non, nous blessons parfois notre prochain. Mais il ne veut pas que nous en restions l\u00e0. Il veut que nous sachions demander pardon humblement. Comment en effet pouvons-nous assister au sacrifice du Christ sur la croix, sur l\u2019autel de la justice divine, lui qui meurt pour nos p\u00e9ch\u00e9s, alors que peu nous importe d\u2019avoir bless\u00e9 quelques-uns de nos fr\u00e8res les hommes ? Ne serons-nous pas indiff\u00e9rents ensuite \u00e0 l\u2019amour du Christ pour nous sur la croix ?<\/p>\n<p>Le Saint-Esprit veut toujours nous aider \u00e0 cultiver la bont\u00e9 !<\/p>\n<p><em>Pri\u00e8re du jour :<\/em> \u00ab Mon Seigneur et mon Dieu, donne-nous le courage de la d\u00e9marche conciliante et le bonheur d\u2019\u00eatre r\u00e9concili\u00e9s. Amen !\u00bb<\/p>\n","protected":false},"excerpt":{"rendered":"<p>Bont\u00e9 et r\u00e9conciliation \u00ab Donc, lorsque tu vas pr\u00e9senter ton offrande \u00e0 l\u2019autel, si, l\u00e0, tu te souviens que ton fr\u00e8re a quelque chose contre toi, laisse ton offrande, l\u00e0, devant l\u2019autel, va d\u2019abord te r\u00e9concilier avec ton fr\u00e8re, et ensuite viens pr\u00e9senter ton offrande. \u00bb Matthieu 5.23,24 Pas facile d\u2019\u00eatre bon\u2026face \u00e0 la mauvaise [&hellip;]<\/p>\n","protected":false},"author":4,"featured_media":0,"comment_status":"open","ping_status":"open","sticky":false,"template":"","format":"standard","meta":{"_exactmetrics_skip_tracking":false,"_exactmetrics_sitenote_active":false,"_exactmetrics_sitenote_note":"","_exactmetrics_sitenote_category":0,"footnotes":""},"categories":[15],"tags":[],"_links":{"self":[{"href":"http:\/\/reveiletreforme.adventiste.re\/index.php?rest_route=\/wp\/v2\/posts\/8179"}],"collection":[{"href":"http:\/\/reveiletreforme.adventiste.re\/index.php?rest_route=\/wp\/v2\/posts"}],"about":[{"href":"http:\/\/reveiletreforme.adventiste.re\/index.php?rest_route=\/wp\/v2\/types\/post"}],"author":[{"embeddable":true,"href":"http:\/\/reveiletreforme.adventiste.re\/index.php?rest_route=\/wp\/v2\/users\/4"}],"replies":[{"embeddable":true,"href":"http:\/\/reveiletreforme.adventiste.re\/index.php?rest_route=%2Fwp%2Fv2%2Fcomments&post=8179"}],"version-history":[{"count":1,"href":"http:\/\/reveiletreforme.adventiste.re\/index.php?rest_route=\/wp\/v2\/posts\/8179\/revisions"}],"predecessor-version":[{"id":8180,"href":"http:\/\/reveiletreforme.adventiste.re\/index.php?rest_route=\/wp\/v2\/posts\/8179\/revisions\/8180"}],"wp:attachment":[{"href":"http:\/\/reveiletreforme.adventiste.re\/index.php?rest_route=%2Fwp%2Fv2%2Fmedia&parent=8179"}],"wp:term":[{"taxonomy":"category","embeddable":true,"href":"http:\/\/reveiletreforme.adventiste.re\/index.php?rest_route=%2Fwp%2Fv2%2Fcategories&post=8179"},{"taxonomy":"post_tag","embeddable":true,"href":"http:\/\/reveiletreforme.adventiste.re\/index.php?rest_route=%2Fwp%2Fv2%2Ftags&post=8179"}],"curies":[{"name":"wp","href":"https:\/\/api.w.org\/{rel}","templated":true}]}}