{"id":8199,"date":"2018-06-18T00:41:06","date_gmt":"2018-06-17T20:41:06","guid":{"rendered":"http:\/\/reveiletreforme.adventiste.re\/?p=8199"},"modified":"2018-06-11T00:53:10","modified_gmt":"2018-06-10T20:53:10","slug":"vigile-matinale-18-juin-3","status":"publish","type":"post","link":"http:\/\/reveiletreforme.adventiste.re\/?p=8199","title":{"rendered":"Vigile matinale 18 juin"},"content":{"rendered":"<p style=\"text-align: center;\"><strong>Dieu, \u00e0 travers du prochain<\/strong><\/p>\n<p style=\"text-align: center;\"><strong>\u00ab Tu aimeras ton prochain comme toi-m\u00eame. Je suis l\u2019\u00c9ternel. \u00bb <em>L\u00e9vitique 19.18<\/em><\/strong><\/p>\n<p>Je me permets de poursuivre le th\u00e8me abord\u00e9 hier. Il est trop important et comme nous l\u2019avons vu, J\u00e9sus a repris la d\u00e9claration faite par Dieu des si\u00e8cles auparavant.<\/p>\n<p><!--more-->La condition humaine nous montre combien le monde est sous l\u2019influence de l\u2019\u00e9go\u00efsme, l\u2019ambition malsaine, la comp\u00e9tition, la rivalit\u00e9, la corruption, l\u2019injustice et la haine. Tout cela am\u00e8ne \u00e0 des guerres civiles, \u00e9conomiques et militaires. La domination des uns provoque la violence des autres. Aux invasions r\u00e9pondent des actes de terrorisme et de barbarie que rien ne justifie.<\/p>\n<p>Comment la bont\u00e9 serait-elle visible si les hommes se laissent encore conduire par des sentiments \u00e9go\u00efstes et par la convoitise ? Comment les hommes progresseraient-ils sur le chemin du v\u00e9ritable amour s\u2019ils ne prennent pas leurs distances du p\u00e9ch\u00e9 et des s\u00e9ductions du prince de ce monde, le Tentateur s\u00e9culaire ?<\/p>\n<p>M\u00e8re Theresa disait que \u00ab si vous jugez les gens, vous n\u2019aurez pas de temps pour les aimer. \u00bb La v\u00e9ritable conversion fait de nous des membres de la famille de Dieu, des disciples qui veulent suivre leur Ma\u00eetre et apprendre de lui l\u2019amour pour Dieu et surtout l\u2019amour envers le prochain. Nous ne devons pas nous d\u00e9courager ou culpabiliser si dans le pass\u00e9 nous n\u2019avons pas toujours su aimer correctement nos semblables. Dieu nous donne, \u00e0 partir d\u2019aujourd\u2019hui, de nouvelles occasions de manifester de l\u2019amour et de la bont\u00e9 envers nos semblables, quels qu\u2019ils soient.<\/p>\n<p>Pour r\u00e9ussir, il faut accepter une r\u00e9organisation de nos sentiments, et une telle op\u00e9ration n\u2019est possible que par l\u2019action transformatrice du Saint-Esprit dans nos vies. Nous apprendrons ainsi \u00e0 vivre de la bont\u00e9 du Seigneur dans nos vies et \u00e0 l\u2019utiliser comme la force de la foi pour aimer notre prochain.<br \/>\nL\u2019appel en ce jour est de nous consacrer au Seigneur, comme des enfants bons les uns envers les autres. Cela aussi peut devenir un signe de victoire et d\u2019esp\u00e9rance.<\/p>\n<p>Vous prendrez bien une tranche de bont\u00e9 ce matin, n\u2019est-ce pas ?<\/p>\n<p><em>Pri\u00e8re du jour :<\/em> \u00ab P\u00e8re c\u00e9leste, nourris-moi de ta bont\u00e9 afin que je produise des actes de bont\u00e9. Amen ! \u00bb<\/p>\n","protected":false},"excerpt":{"rendered":"<p>Dieu, \u00e0 travers du prochain \u00ab Tu aimeras ton prochain comme toi-m\u00eame. Je suis l\u2019\u00c9ternel. \u00bb L\u00e9vitique 19.18 Je me permets de poursuivre le th\u00e8me abord\u00e9 hier. Il est trop important et comme nous l\u2019avons vu, J\u00e9sus a repris la d\u00e9claration faite par Dieu des si\u00e8cles auparavant.<\/p>\n","protected":false},"author":4,"featured_media":0,"comment_status":"open","ping_status":"open","sticky":false,"template":"","format":"standard","meta":{"_exactmetrics_skip_tracking":false,"_exactmetrics_sitenote_active":false,"_exactmetrics_sitenote_note":"","_exactmetrics_sitenote_category":0,"footnotes":""},"categories":[15],"tags":[],"_links":{"self":[{"href":"http:\/\/reveiletreforme.adventiste.re\/index.php?rest_route=\/wp\/v2\/posts\/8199"}],"collection":[{"href":"http:\/\/reveiletreforme.adventiste.re\/index.php?rest_route=\/wp\/v2\/posts"}],"about":[{"href":"http:\/\/reveiletreforme.adventiste.re\/index.php?rest_route=\/wp\/v2\/types\/post"}],"author":[{"embeddable":true,"href":"http:\/\/reveiletreforme.adventiste.re\/index.php?rest_route=\/wp\/v2\/users\/4"}],"replies":[{"embeddable":true,"href":"http:\/\/reveiletreforme.adventiste.re\/index.php?rest_route=%2Fwp%2Fv2%2Fcomments&post=8199"}],"version-history":[{"count":3,"href":"http:\/\/reveiletreforme.adventiste.re\/index.php?rest_route=\/wp\/v2\/posts\/8199\/revisions"}],"predecessor-version":[{"id":8202,"href":"http:\/\/reveiletreforme.adventiste.re\/index.php?rest_route=\/wp\/v2\/posts\/8199\/revisions\/8202"}],"wp:attachment":[{"href":"http:\/\/reveiletreforme.adventiste.re\/index.php?rest_route=%2Fwp%2Fv2%2Fmedia&parent=8199"}],"wp:term":[{"taxonomy":"category","embeddable":true,"href":"http:\/\/reveiletreforme.adventiste.re\/index.php?rest_route=%2Fwp%2Fv2%2Fcategories&post=8199"},{"taxonomy":"post_tag","embeddable":true,"href":"http:\/\/reveiletreforme.adventiste.re\/index.php?rest_route=%2Fwp%2Fv2%2Ftags&post=8199"}],"curies":[{"name":"wp","href":"https:\/\/api.w.org\/{rel}","templated":true}]}}