{"id":8203,"date":"2018-06-19T00:53:22","date_gmt":"2018-06-18T20:53:22","guid":{"rendered":"http:\/\/reveiletreforme.adventiste.re\/?p=8203"},"modified":"2018-06-11T00:57:10","modified_gmt":"2018-06-10T20:57:10","slug":"vigile-matinale-18-juin-4","status":"publish","type":"post","link":"http:\/\/reveiletreforme.adventiste.re\/?p=8203","title":{"rendered":"Vigile matinale 19 juin"},"content":{"rendered":"<p style=\"text-align: center;\"><strong>Le visage de Dieu<\/strong><\/p>\n<p style=\"text-align: center;\"><strong>\u00ab Et le roi leur r\u00e9pondra : \u201cEn v\u00e9rit\u00e9, je vous le d\u00e9clare, chaque fois que vous l\u2019avez fait \u00e0 l\u2019un de ces plus petits, qui sont mes fr\u00e8res, c\u2019est \u00e0 moi que vous l\u2019avez fait ! \u00bb <em>Matthieu 25.40<\/em><\/strong><\/p>\n<p>J\u00e9sus a donn\u00e9 une ligne de conduite en mati\u00e8re relationnelle et il a communiqu\u00e9 sa vision de l\u2019amour du prochain, \u00e0 travers la parabole du Bon Samaritain (Luc 10.25-37 et celle des boucs et des brebis, paraboles fort utiles pour notre instruction (Matthieu 25.34-40). Qu\u2019on se le dise, l\u2019expression de notre foi en Christ passe in\u00e9vitablement par l\u2019amour du prochain. <!--more-->La Bible ne fait aucun myst\u00e8re sur les rapports \u00e0 autrui. J\u00e9sus insistera sur ce th\u00e8me car visiblement l\u2019application du message \u00e9vang\u00e9lique y trouve l\u00e0 toute sa signification. Le sujet nous int\u00e9resse parce que l\u2019amour du prochain ne doit pas correspondre \u00e0 une belle th\u00e9orie. Il nous concerne \u00e0 plus d\u2019un titre depuis que nous pensons que le Christ a transform\u00e9 notre vie personnelle.<\/p>\n<p>J\u00e9sus laisse entendre que le prochain peut \u00eatre la premi\u00e8re personne que nous croiserons sur notre chemin de foi. Il n\u2019a pas d\u2019identit\u00e9 pr\u00e9cise puisqu\u2019il peut prendre le visage de tous ceux qui vivent autour de nous. Quelle que soit sa cat\u00e9gorie socioprofessionnelle, il est l\u2019un de ces plus petits fr\u00e8res du Christ.<\/p>\n<p>Voil\u00e0 donc o\u00f9 le Seigneur veut nous conduire, en nous confiant le devoir d\u2019aimer sans pr\u00e9jug\u00e9s, sans chercher d\u2019abord notre int\u00e9r\u00eat. C\u2019est la p\u00e9dagogie de l\u2019amour propre au royaume de Dieu et, l\u2019exer\u00e7ant, nous apprenons \u00e0 aimer le Seigneur lui-m\u00eame.<\/p>\n<p>Le prochain est celui qui re\u00e7oit notre amiti\u00e9 et notre aide \u00e0 chaque fois que l\u2019occasion se pr\u00e9sente, \u00e0 chaque fois que c\u2019est utile pour lui. Le prochain, souvent un \u00e9tranger \u00e0 notre quotidien, est l\u2019ami que nous n\u2019avons pas eu le temps de conna\u00eetre ou d\u2019appr\u00e9cier. Aussi, le cheminement spirituel s\u2019\u00e9claire par notre capacit\u00e9 \u00e0 tendre la main \u00e0 autrui\u2026 c\u2019est-\u00e0-dire \u00e0 nos semblables.<\/p>\n<p><em>Pri\u00e8re du jour :<\/em> \u00ab Seigneur, il n\u2019est sans doute pas n\u00e9cessaire que tu nous montres qui est notre prochain, car nous avons un visage en face de nous tous les jours. De l\u2019int\u00e9rieur de notre foyer aux limites de nos p\u00e9r\u00e9grinations, tu nous fais rencontrer autant de prochains\u2026 Apprends-nous \u00e0 faire le bien. Comme tu nous le demandes. Amen ! \u00bb<\/p>\n","protected":false},"excerpt":{"rendered":"<p>Le visage de Dieu \u00ab Et le roi leur r\u00e9pondra : \u201cEn v\u00e9rit\u00e9, je vous le d\u00e9clare, chaque fois que vous l\u2019avez fait \u00e0 l\u2019un de ces plus petits, qui sont mes fr\u00e8res, c\u2019est \u00e0 moi que vous l\u2019avez fait ! \u00bb Matthieu 25.40 J\u00e9sus a donn\u00e9 une ligne de conduite en mati\u00e8re relationnelle et [&hellip;]<\/p>\n","protected":false},"author":4,"featured_media":0,"comment_status":"open","ping_status":"open","sticky":false,"template":"","format":"standard","meta":{"_exactmetrics_skip_tracking":false,"_exactmetrics_sitenote_active":false,"_exactmetrics_sitenote_note":"","_exactmetrics_sitenote_category":0,"footnotes":""},"categories":[15],"tags":[],"_links":{"self":[{"href":"http:\/\/reveiletreforme.adventiste.re\/index.php?rest_route=\/wp\/v2\/posts\/8203"}],"collection":[{"href":"http:\/\/reveiletreforme.adventiste.re\/index.php?rest_route=\/wp\/v2\/posts"}],"about":[{"href":"http:\/\/reveiletreforme.adventiste.re\/index.php?rest_route=\/wp\/v2\/types\/post"}],"author":[{"embeddable":true,"href":"http:\/\/reveiletreforme.adventiste.re\/index.php?rest_route=\/wp\/v2\/users\/4"}],"replies":[{"embeddable":true,"href":"http:\/\/reveiletreforme.adventiste.re\/index.php?rest_route=%2Fwp%2Fv2%2Fcomments&post=8203"}],"version-history":[{"count":4,"href":"http:\/\/reveiletreforme.adventiste.re\/index.php?rest_route=\/wp\/v2\/posts\/8203\/revisions"}],"predecessor-version":[{"id":8207,"href":"http:\/\/reveiletreforme.adventiste.re\/index.php?rest_route=\/wp\/v2\/posts\/8203\/revisions\/8207"}],"wp:attachment":[{"href":"http:\/\/reveiletreforme.adventiste.re\/index.php?rest_route=%2Fwp%2Fv2%2Fmedia&parent=8203"}],"wp:term":[{"taxonomy":"category","embeddable":true,"href":"http:\/\/reveiletreforme.adventiste.re\/index.php?rest_route=%2Fwp%2Fv2%2Fcategories&post=8203"},{"taxonomy":"post_tag","embeddable":true,"href":"http:\/\/reveiletreforme.adventiste.re\/index.php?rest_route=%2Fwp%2Fv2%2Ftags&post=8203"}],"curies":[{"name":"wp","href":"https:\/\/api.w.org\/{rel}","templated":true}]}}