{"id":8208,"date":"2018-06-20T00:58:36","date_gmt":"2018-06-19T20:58:36","guid":{"rendered":"http:\/\/reveiletreforme.adventiste.re\/?p=8208"},"modified":"2018-06-20T08:04:16","modified_gmt":"2018-06-20T04:04:16","slug":"vigile-matinale-20-juin-3","status":"publish","type":"post","link":"http:\/\/reveiletreforme.adventiste.re\/?p=8208","title":{"rendered":"Vigile matinale 20 juin"},"content":{"rendered":"<p style=\"text-align: center;\"><strong>L\u2019amour pour les ennemis<\/strong><\/p>\n<p style=\"text-align: center;\"><strong>\u00ab Aimez vos ennemis, b\u00e9nissez ceux qui vous maudissent, faites du bien \u00e0 ceux qui vous ha\u00efssent et priez pour ceux qui vous maltraitent et vous pers\u00e9cutent.\u00bb <em>Matthieu 5.44<\/em><\/strong><\/p>\n<p>Je me souviens de la grimace faite par ma fille cadette la premi\u00e8re fois qu\u2019elle a go\u00fbt\u00e9 un tout petit bout de piment\u2026Elle a aval\u00e9 un grand verre d\u2019eau pensant que c\u2019\u00e9tait le seul moyen d\u2019\u00e9teindre ce feu.<\/p>\n<p><!--more-->Apprendre \u00e0 poser un regard positif sur un ennemi, est-ce comme manger volontairement du piment tr\u00e8s fort ? Je ne sais pas mais il semble que J\u00e9sus demande beaucoup au chr\u00e9tien, n\u2019est-ce pas ? Mais J\u00e9sus laisse entendre que tout \u00eatre humain a besoin de soutien, que l\u2019interd\u00e9pendance est la meilleure chance pour l\u2019homme social, mais nous d\u00e9couvrons avec J\u00e9sus que l\u2019homme de foi est tout aussi concern\u00e9. J\u00e9sus n\u2019ignore pas que c\u2019est un v\u00e9ritable d\u00e9fi que de g\u00e9rer les sentiments, d\u2019autant plus que la relation humaine n\u2019est jamais fig\u00e9e.<\/p>\n<p>Aimer son prochain signifie fort probablement pour J\u00e9sus la chose suivante : exercer de la bont\u00e9 \u00e0 l\u2019\u00e9gard du prochain. Gr\u00e2ce \u00e0 l\u2019amour de Dieu, j\u2019ai appris \u00e0 ne pas avoir d\u2019ennemis. Mais il y a des gens qui peuvent me traiter comme un ennemi. D\u2019autres l\u2019ont fait dans le pass\u00e9 et quand je les vois, je me dis qu\u2019ils se laissent manipuler par le diable. On ne peut pas \u00eatre enfant de Dieu et se comporter comme un ennemi, un agresseur, un <em>\u00ab m\u00e9chant \u00bb<\/em> envers son prochain. J\u00e9sus demande d\u2019inverser les sentiments et de ne cultiver ni ranc\u0153ur ni rancune. Pour ne pas se rendre malade \u00e0 cause du mauvais comportement des autres. Le meilleur message, la meilleure riposte, c\u2019est de rester positif, ne m\u00e9priser personne. J\u2019ai d\u00e9couvert que je ne suis pas g\u00ean\u00e9 pour parler ou saluer ceux qui m\u2019ont trait\u00e9 en ennemi mais eux-m\u00eames ne feront jamais la d\u00e9marche de venir saluer ou de me parler. Le mal ne peut pas produire le bien\u2026mais la bont\u00e9 du Seigneur en nous peut nous \u00e9loigner de tout mauvais sentiment.<\/p>\n<p>Une tranche de bont\u00e9 par jour. Vous avez bien lu <em>\u00ab par jour \u00bb<\/em>, donc tous les jours et cela pourrait nous aider \u00e0 exercer ce regard positif, constructif, aimant, bon envers nos ennemis.<\/p>\n<p><em>Pri\u00e8re du jour :<\/em> \u00ab Seigneur, ce que tu nous demandes, face aux ennemis, semble difficile. Mais si tu nous le demandes, c\u2019est que c\u2019est possible. Que le Saint-Esprit poursuive son \u0153uvre en nous pour nous amener l\u00e0 o\u00f9 tu nous montreras le possible des \u0153uvres de la foi. Amen ! \u00bb<\/p>\n","protected":false},"excerpt":{"rendered":"<p>L\u2019amour pour les ennemis \u00ab Aimez vos ennemis, b\u00e9nissez ceux qui vous maudissent, faites du bien \u00e0 ceux qui vous ha\u00efssent et priez pour ceux qui vous maltraitent et vous pers\u00e9cutent.\u00bb Matthieu 5.44 Je me souviens de la grimace faite par ma fille cadette la premi\u00e8re fois qu\u2019elle a go\u00fbt\u00e9 un tout petit bout de [&hellip;]<\/p>\n","protected":false},"author":4,"featured_media":0,"comment_status":"open","ping_status":"open","sticky":false,"template":"","format":"standard","meta":{"_exactmetrics_skip_tracking":false,"_exactmetrics_sitenote_active":false,"_exactmetrics_sitenote_note":"","_exactmetrics_sitenote_category":0,"footnotes":""},"categories":[15],"tags":[],"_links":{"self":[{"href":"http:\/\/reveiletreforme.adventiste.re\/index.php?rest_route=\/wp\/v2\/posts\/8208"}],"collection":[{"href":"http:\/\/reveiletreforme.adventiste.re\/index.php?rest_route=\/wp\/v2\/posts"}],"about":[{"href":"http:\/\/reveiletreforme.adventiste.re\/index.php?rest_route=\/wp\/v2\/types\/post"}],"author":[{"embeddable":true,"href":"http:\/\/reveiletreforme.adventiste.re\/index.php?rest_route=\/wp\/v2\/users\/4"}],"replies":[{"embeddable":true,"href":"http:\/\/reveiletreforme.adventiste.re\/index.php?rest_route=%2Fwp%2Fv2%2Fcomments&post=8208"}],"version-history":[{"count":6,"href":"http:\/\/reveiletreforme.adventiste.re\/index.php?rest_route=\/wp\/v2\/posts\/8208\/revisions"}],"predecessor-version":[{"id":8287,"href":"http:\/\/reveiletreforme.adventiste.re\/index.php?rest_route=\/wp\/v2\/posts\/8208\/revisions\/8287"}],"wp:attachment":[{"href":"http:\/\/reveiletreforme.adventiste.re\/index.php?rest_route=%2Fwp%2Fv2%2Fmedia&parent=8208"}],"wp:term":[{"taxonomy":"category","embeddable":true,"href":"http:\/\/reveiletreforme.adventiste.re\/index.php?rest_route=%2Fwp%2Fv2%2Fcategories&post=8208"},{"taxonomy":"post_tag","embeddable":true,"href":"http:\/\/reveiletreforme.adventiste.re\/index.php?rest_route=%2Fwp%2Fv2%2Ftags&post=8208"}],"curies":[{"name":"wp","href":"https:\/\/api.w.org\/{rel}","templated":true}]}}