{"id":8212,"date":"2018-06-21T00:19:16","date_gmt":"2018-06-20T20:19:16","guid":{"rendered":"http:\/\/reveiletreforme.adventiste.re\/?p=8212"},"modified":"2018-06-16T23:21:45","modified_gmt":"2018-06-16T19:21:45","slug":"vigile-matinale-21-juin-3","status":"publish","type":"post","link":"http:\/\/reveiletreforme.adventiste.re\/?p=8212","title":{"rendered":"Vigile matinale 21 juin"},"content":{"rendered":"<p style=\"text-align: center;\"><strong>Le d\u00e9fi de J\u00e9sus<\/strong><\/p>\n<p style=\"text-align: center;\"><strong>\u00ab Priez pour ceux qui vous pers\u00e9cutent !\u00bb <em>Matthieu 5.44b<\/em><\/strong><\/p>\n<p>Les premi\u00e8res fois que je tombai sur ces paroles, je trouvais qu\u2019elles portaient une sorte de provocation <em>\u00ab morale \u00bb<\/em>. J\u00e9sus semble taquiner la spiritualit\u00e9 de ses auditeurs pour voir jusqu\u2019o\u00f9 ils seraient pr\u00eats \u00e0 aller.<\/p>\n<p><!--more-->Qu\u2019implique finalement la d\u00e9claration du Christ, sinon la possibilit\u00e9 d\u2019un lien sous-tendu par la haine, plus encombrant celui-l\u00e0 ? J\u00e9sus fait appel au c\u00f4t\u00e9 le plus s\u00e9v\u00e8re et le plus sombre de notre c\u0153ur, car il veut nous voir exercer une foi positive et constructive et non une foi rigide, s\u2019enfermant dans la propre suffisance religieuse, avec des formules toutes faites insipides et des faux-semblants. J\u00e9sus veut une religion authentique, vraie, sans fard. Faites monter des pri\u00e8res vers le ciel alors que certains vous envoient en pleine figure des inepties. J\u00e9sus fait un commentaire expansif de la loi, qu\u2019il transforme en id\u00e9al et il a un objectif bien pr\u00e9cis : <em>\u00ab afin que vous soyez fils de votre P\u00e8re qui est dans les cieux ; car il fait lever son soleil sur les m\u00e9chants et sur les bons, et il fait pleuvoir sur les justes et sur les injustes. Si vous aimez ceux qui vous aiment, quelle r\u00e9compense m\u00e9ritez-vous ? Les publicains aussi n\u2019agissent-ils pas de m\u00eame ? Et si vous saluez seulement vos fr\u00e8res, que faites-vous d\u2019extraordinaire ? Les pa\u00efens aussi n\u2019agissent-ils pas de m\u00eame ? Soyez donc parfaits, comme votre P\u00e8re c\u00e9leste est parfait \u00bb<\/em>. (Matthieu 5.45-48)<\/p>\n<p>J\u00e9sus reprend ici un ordre donn\u00e9 par Dieu dans l\u2019Ancien Testament. L\u2019ennemi peut \u00eatre celui qu\u2019on a choisi de d\u00e9signer en tant que tel ou celui qui se pose en tant que tel. Il est important, par ailleurs, de ne pas confondre opposition et inimiti\u00e9. Dieu donne la pluie et le soleil m\u00eame \u00e0 ceux qui refusent de l\u2019adorer.<\/p>\n<p>On ne peut faire mieux ! Ne cherchez pas \u00e0 comprendre. Cherchez plut\u00f4t \u00e0 le pratiquer. La premi\u00e8re fois que j\u2019ai pri\u00e9 pour des croyants qui m\u2019avaient fait du tort, par esprit de rivalit\u00e9, j\u2019ai \u00e9prouv\u00e9 un sentiment de g\u00eane mais depuis j\u2019ai compris que mon Seigneur m\u2019avait donn\u00e9 un ordre et qu\u2019il n\u2019\u00e9tait pas n\u00e9gociable. Mon devoir est de prier pour ceux qui me font du tort. C\u2019est la grandeur d\u2019\u00e2me \u00e0 laquelle ils auront droit. Il n\u2019y aura ni haine ni m\u00e9pris.<br \/>\nSi vous prenez une tranche de bont\u00e9 par jour, vous en produirez aussi !<\/p>\n<p><em>Pri\u00e8re du jour :<\/em> \u00ab Fais de moi un artisan de relations pacifi\u00e9es. M\u00eame si je suis seul \u00e0 le vouloir, aide-moi \u00e0 toujours croire que la bont\u00e9 peut triompher de la m\u00e9chancet\u00e9. Au nom de J\u00e9sus, amen ! \u00bb<\/p>\n","protected":false},"excerpt":{"rendered":"<p>Le d\u00e9fi de J\u00e9sus \u00ab Priez pour ceux qui vous pers\u00e9cutent !\u00bb Matthieu 5.44b Les premi\u00e8res fois que je tombai sur ces paroles, je trouvais qu\u2019elles portaient une sorte de provocation \u00ab morale \u00bb. J\u00e9sus semble taquiner la spiritualit\u00e9 de ses auditeurs pour voir jusqu\u2019o\u00f9 ils seraient pr\u00eats \u00e0 aller.<\/p>\n","protected":false},"author":4,"featured_media":0,"comment_status":"open","ping_status":"open","sticky":false,"template":"","format":"standard","meta":{"_exactmetrics_skip_tracking":false,"_exactmetrics_sitenote_active":false,"_exactmetrics_sitenote_note":"","_exactmetrics_sitenote_category":0,"footnotes":""},"categories":[15],"tags":[],"_links":{"self":[{"href":"http:\/\/reveiletreforme.adventiste.re\/index.php?rest_route=\/wp\/v2\/posts\/8212"}],"collection":[{"href":"http:\/\/reveiletreforme.adventiste.re\/index.php?rest_route=\/wp\/v2\/posts"}],"about":[{"href":"http:\/\/reveiletreforme.adventiste.re\/index.php?rest_route=\/wp\/v2\/types\/post"}],"author":[{"embeddable":true,"href":"http:\/\/reveiletreforme.adventiste.re\/index.php?rest_route=\/wp\/v2\/users\/4"}],"replies":[{"embeddable":true,"href":"http:\/\/reveiletreforme.adventiste.re\/index.php?rest_route=%2Fwp%2Fv2%2Fcomments&post=8212"}],"version-history":[{"count":4,"href":"http:\/\/reveiletreforme.adventiste.re\/index.php?rest_route=\/wp\/v2\/posts\/8212\/revisions"}],"predecessor-version":[{"id":8216,"href":"http:\/\/reveiletreforme.adventiste.re\/index.php?rest_route=\/wp\/v2\/posts\/8212\/revisions\/8216"}],"wp:attachment":[{"href":"http:\/\/reveiletreforme.adventiste.re\/index.php?rest_route=%2Fwp%2Fv2%2Fmedia&parent=8212"}],"wp:term":[{"taxonomy":"category","embeddable":true,"href":"http:\/\/reveiletreforme.adventiste.re\/index.php?rest_route=%2Fwp%2Fv2%2Fcategories&post=8212"},{"taxonomy":"post_tag","embeddable":true,"href":"http:\/\/reveiletreforme.adventiste.re\/index.php?rest_route=%2Fwp%2Fv2%2Ftags&post=8212"}],"curies":[{"name":"wp","href":"https:\/\/api.w.org\/{rel}","templated":true}]}}