{"id":8217,"date":"2018-06-22T00:21:56","date_gmt":"2018-06-21T20:21:56","guid":{"rendered":"http:\/\/reveiletreforme.adventiste.re\/?p=8217"},"modified":"2018-06-16T23:24:48","modified_gmt":"2018-06-16T19:24:48","slug":"vigile-matinale-22-juin-4","status":"publish","type":"post","link":"http:\/\/reveiletreforme.adventiste.re\/?p=8217","title":{"rendered":"Vigile matinale 22 juin"},"content":{"rendered":"<p style=\"text-align: center;\"><strong>Tel arbre, tels fruits<\/strong><\/p>\n<p style=\"text-align: center;\"><strong>\u00ab Ainsi tout bon arbre produit de bons fruits, mais l\u2019arbre malade produit de mauvais fruits. Un bon arbre ne peut pas porter de mauvais fruits, ni un arbre malade porter de bons fruits. Tout arbre qui ne produit pas un bon fruit, on le coupe et on le jette au feu. Ainsi donc, c\u2019est \u00e0 leurs fruits que vous les reconna\u00eetrez. \u00bb <em>Matthieu 7.17-20<\/em><\/strong><\/p>\n<p>Tout bon arbre produit de bons fruits\u2026<\/p>\n<p><!--more-->L\u2019invitation \u00e0 aimer nos ennemis est a pour but de nous aider \u00e0 ne pas cultiver la haine. J\u00e9sus nous demande de ne pas r\u00e9pondre \u00e0 la haine par la haine. Le Mahatma Gandhi a dit qu\u2019<em>\u00ab en opposant la haine \u00e0 la haine, on ne fait que la r\u00e9pandre en surface comme en profondeur \u00bb<\/em>, ce qui ne manquera pas de l\u2019attiser, de l\u2019entretenir jusqu\u2019\u00e0 ne plus se ma\u00eetriser. Aimer ses ennemis est sans doute le moyen de gu\u00e9rir notre c\u0153ur de toute amertume, ranc\u0153ur ou rancune.<\/p>\n<p>Un tel comportement n\u2019est jamais facile, avouons-le. Il devient compliqu\u00e9 et \u00e9trange quand l\u2019homme laisse ses sentiments troubler sa raison. Nous sommes si diff\u00e9rents les uns des autres, de par notre arri\u00e8re-plan culturel, social, notre \u00e9ducation ou culture, mais rien ne nous emp\u00eache de partager des moments de convivialit\u00e9, des activit\u00e9s sportives et autres loisirs. Le croyant est encourag\u00e9 \u00e0 \u00e9prouver de l\u2019amour fraternel envers ceux qui ne sont pas d\u2019accord avec lui, malgr\u00e9 les divergences d\u2019opinion sur les id\u00e9es, sur une m\u00e9thode de travail, des d\u00e9cisions ou des actions. Pour aimer, dans ce contexte, il faut savoir se d\u00e9barrasser de ses pr\u00e9jug\u00e9s, de toute forme d\u2019orgueil ou d\u2019intol\u00e9rance.<br \/>\nMartin Luther King a dit que <em>\u00ab l\u2019amour triomphe de la haine comme la lumi\u00e8re triomphe de l\u2019obscurit\u00e9 \u00bb.<\/em> En nous demandant d\u2019aimer nos ennemis, J\u00e9sus nous demande de projeter la lumi\u00e8re sur les t\u00e9n\u00e8bres\u2026<\/p>\n<p>J\u2019aime tellement manger les fruits des arbres que j\u2019ai plant\u00e9s. M\u00eame si ma contribution est mineure et secondaire, j\u2019\u00e9prouve une certaine fiert\u00e9 de cueillir des fruits sur des arbres que j\u2019ai vu grandir. J\u2019imagine que J\u00e9sus veut voir des fruits dans notre vie, surtout le fruit de l\u2019Esprit. Si l\u2019arbre est bon le fruit sera bon ; si l\u2019arbre est spirituellement nourri de bont\u00e9, il produira le fruit de la bont\u00e9.<\/p>\n<p><em>Pri\u00e8re du jour :<\/em> \u00ab P\u00e8re, donne-nous d\u2019\u00eatre attentifs aux soins que tu nous portes, pour nous aider \u00e0 produire de bons fruits, gr\u00e2ce \u00e0 l\u2019action du Saint-Esprit dans nos vies. Au nom de J\u00e9sus, amen ! \u00bb<\/p>\n","protected":false},"excerpt":{"rendered":"<p>Tel arbre, tels fruits \u00ab Ainsi tout bon arbre produit de bons fruits, mais l\u2019arbre malade produit de mauvais fruits. Un bon arbre ne peut pas porter de mauvais fruits, ni un arbre malade porter de bons fruits. Tout arbre qui ne produit pas un bon fruit, on le coupe et on le jette au [&hellip;]<\/p>\n","protected":false},"author":4,"featured_media":0,"comment_status":"open","ping_status":"open","sticky":false,"template":"","format":"standard","meta":{"_exactmetrics_skip_tracking":false,"_exactmetrics_sitenote_active":false,"_exactmetrics_sitenote_note":"","_exactmetrics_sitenote_category":0,"footnotes":""},"categories":[15],"tags":[],"_links":{"self":[{"href":"http:\/\/reveiletreforme.adventiste.re\/index.php?rest_route=\/wp\/v2\/posts\/8217"}],"collection":[{"href":"http:\/\/reveiletreforme.adventiste.re\/index.php?rest_route=\/wp\/v2\/posts"}],"about":[{"href":"http:\/\/reveiletreforme.adventiste.re\/index.php?rest_route=\/wp\/v2\/types\/post"}],"author":[{"embeddable":true,"href":"http:\/\/reveiletreforme.adventiste.re\/index.php?rest_route=\/wp\/v2\/users\/4"}],"replies":[{"embeddable":true,"href":"http:\/\/reveiletreforme.adventiste.re\/index.php?rest_route=%2Fwp%2Fv2%2Fcomments&post=8217"}],"version-history":[{"count":3,"href":"http:\/\/reveiletreforme.adventiste.re\/index.php?rest_route=\/wp\/v2\/posts\/8217\/revisions"}],"predecessor-version":[{"id":8220,"href":"http:\/\/reveiletreforme.adventiste.re\/index.php?rest_route=\/wp\/v2\/posts\/8217\/revisions\/8220"}],"wp:attachment":[{"href":"http:\/\/reveiletreforme.adventiste.re\/index.php?rest_route=%2Fwp%2Fv2%2Fmedia&parent=8217"}],"wp:term":[{"taxonomy":"category","embeddable":true,"href":"http:\/\/reveiletreforme.adventiste.re\/index.php?rest_route=%2Fwp%2Fv2%2Fcategories&post=8217"},{"taxonomy":"post_tag","embeddable":true,"href":"http:\/\/reveiletreforme.adventiste.re\/index.php?rest_route=%2Fwp%2Fv2%2Ftags&post=8217"}],"curies":[{"name":"wp","href":"https:\/\/api.w.org\/{rel}","templated":true}]}}