{"id":8229,"date":"2018-06-25T00:37:44","date_gmt":"2018-06-24T20:37:44","guid":{"rendered":"http:\/\/reveiletreforme.adventiste.re\/?p=8229"},"modified":"2018-06-16T23:42:47","modified_gmt":"2018-06-16T19:42:47","slug":"vigile-matinale-25-juin-3","status":"publish","type":"post","link":"http:\/\/reveiletreforme.adventiste.re\/?p=8229","title":{"rendered":"Vigile matinale 25 juin"},"content":{"rendered":"<p style=\"text-align: center;\"><strong>La bont\u00e9 divine dans l\u2019\u00e9preuve<\/strong><\/p>\n<p style=\"text-align: center;\"><strong>\u00ab Mais ceux qui se confient en l\u2019\u00c9ternel renouvellent leur force. Ils prennent le vol comme les aigles ; ils courent, et ne se lassent point, ils marchent, et ne se fatiguent point \u00bb. <em>\u00c9sa\u00efe 40.31<\/em><\/strong><\/p>\n<p>Savez-vous ce qu\u2019engendrent les circonstances d\u00e9favorables dans votre vie ? Eh bien, elles vous rapprochent de Dieu, et vous rendent plus d\u00e9pendant de lui.<\/p>\n<p><!--more-->Vous ne pouvez pas marcher sans lui. Vous ne pouvez pas triompher sans sa puissance ! Vous ne pouvez pas vous \u00e9lever sans son approbation ! Il est le seul \u00e0 pouvoir vous donner la force de reprendre votre route et d\u2019atteindre ainsi les objectifs que vous vous \u00eates fix\u00e9s ! J\u2019en ai fait l\u2019exp\u00e9rience et je lui suis reconnaissant.<\/p>\n<p>J\u2019aime particuli\u00e8rement le verset du jour car mon p\u00e8re &#8211; n\u00e9 un 25 juin- aimait nous le citer, jusqu\u2019\u00e0 peu avant sa mort, comme un mot d\u2019encouragement paternel, m\u00eame \u00e0 des milliers de kilom\u00e8tres de distance. Cette d\u00e9claration du proph\u00e8te \u00c9sa\u00efe est l\u2019une des plus belles en mati\u00e8re de r\u00e9confort pour ceux qui veulent pers\u00e9v\u00e9rer dans la marche spirituelle. La vie terrestre, avec tous ses d\u00e9fis, est un combat mais la vie spirituelle est une guerre contre toutes sortes de ruses du diable pour nous d\u00e9courager, nous faire douter, abandonner et m\u00eame maudire Dieu\u2026quand les situations \u00e9prouvantes durent ou se renouvellent trop souvent. Je d\u00e9die ce verset \u00e0 ma fille a\u00een\u00e9e, n\u00e9e \u00e9galement un 25 juin, et prie pour que l\u2019Esprit l\u2019accompagne chaque jour de son cheminement avec le Seigneur.<\/p>\n<p>La parole qui parvient \u00e0 nos c\u0153urs est porteuse de la bont\u00e9 encourageante du Seigneur. Nos \u00e9preuves n\u2019\u00e9chappent pas au regard du Tout-Puissant. Il voit ; il sait ; il patiente avec nous car s\u2019il n\u2019emp\u00eache pas ces \u00e9preuves de survenir dans nos vies, il renouvelle nos forces morales et spirituelles pour tenir dans la dur\u00e9e. Ce qui est important ce n\u2019est pas nos d\u00e9clarations de foi ponctuelles, nos chants ou les versets que nous r\u00e9citons spontan\u00e9ment lorsque surgit une \u00e9preuve ou une tr\u00e8s grosse difficult\u00e9. Ce qui devient essentiel, c\u2019est de pouvoir tenir jusqu\u2019au bout dans le chemin de foi et d\u2019esp\u00e9rance : l\u00e2cher prise sur les \u00e9preuves mais ne pas l\u00e2cher la main de Dieu !<\/p>\n<p>La bont\u00e9 de Dieu nous apprend \u00e0 retrouver des forces. Il nous faut donc prendre nos vitamines spirituelles ce matin. Pour tenir\u2026<\/p>\n<p><em>Pri\u00e8re du jour :<\/em> \u00ab Merci Seigneur, de renouveler nos forces \u00e0 chaque fois que nous avons \u00e0 affronter des vents contraires. Tu es un Dieu merveilleux ! Gloire \u00e0 toi pour toujours. Amen ! \u00bb<\/p>\n","protected":false},"excerpt":{"rendered":"<p>La bont\u00e9 divine dans l\u2019\u00e9preuve \u00ab Mais ceux qui se confient en l\u2019\u00c9ternel renouvellent leur force. Ils prennent le vol comme les aigles ; ils courent, et ne se lassent point, ils marchent, et ne se fatiguent point \u00bb. \u00c9sa\u00efe 40.31 Savez-vous ce qu\u2019engendrent les circonstances d\u00e9favorables dans votre vie ? Eh bien, elles vous [&hellip;]<\/p>\n","protected":false},"author":4,"featured_media":0,"comment_status":"open","ping_status":"open","sticky":false,"template":"","format":"standard","meta":{"_exactmetrics_skip_tracking":false,"_exactmetrics_sitenote_active":false,"_exactmetrics_sitenote_note":"","_exactmetrics_sitenote_category":0,"footnotes":""},"categories":[16],"tags":[],"_links":{"self":[{"href":"http:\/\/reveiletreforme.adventiste.re\/index.php?rest_route=\/wp\/v2\/posts\/8229"}],"collection":[{"href":"http:\/\/reveiletreforme.adventiste.re\/index.php?rest_route=\/wp\/v2\/posts"}],"about":[{"href":"http:\/\/reveiletreforme.adventiste.re\/index.php?rest_route=\/wp\/v2\/types\/post"}],"author":[{"embeddable":true,"href":"http:\/\/reveiletreforme.adventiste.re\/index.php?rest_route=\/wp\/v2\/users\/4"}],"replies":[{"embeddable":true,"href":"http:\/\/reveiletreforme.adventiste.re\/index.php?rest_route=%2Fwp%2Fv2%2Fcomments&post=8229"}],"version-history":[{"count":3,"href":"http:\/\/reveiletreforme.adventiste.re\/index.php?rest_route=\/wp\/v2\/posts\/8229\/revisions"}],"predecessor-version":[{"id":8232,"href":"http:\/\/reveiletreforme.adventiste.re\/index.php?rest_route=\/wp\/v2\/posts\/8229\/revisions\/8232"}],"wp:attachment":[{"href":"http:\/\/reveiletreforme.adventiste.re\/index.php?rest_route=%2Fwp%2Fv2%2Fmedia&parent=8229"}],"wp:term":[{"taxonomy":"category","embeddable":true,"href":"http:\/\/reveiletreforme.adventiste.re\/index.php?rest_route=%2Fwp%2Fv2%2Fcategories&post=8229"},{"taxonomy":"post_tag","embeddable":true,"href":"http:\/\/reveiletreforme.adventiste.re\/index.php?rest_route=%2Fwp%2Fv2%2Ftags&post=8229"}],"curies":[{"name":"wp","href":"https:\/\/api.w.org\/{rel}","templated":true}]}}