{"id":8233,"date":"2018-06-26T00:43:18","date_gmt":"2018-06-25T20:43:18","guid":{"rendered":"http:\/\/reveiletreforme.adventiste.re\/?p=8233"},"modified":"2018-06-16T23:47:06","modified_gmt":"2018-06-16T19:47:06","slug":"vigile-matinale-26-juin-3","status":"publish","type":"post","link":"http:\/\/reveiletreforme.adventiste.re\/?p=8233","title":{"rendered":"Vigile matinale 26 juin"},"content":{"rendered":"<p style=\"text-align: center;\"><strong>La bont\u00e9 dans la cr\u00e9ation<\/strong><\/p>\n<p style=\"text-align: center;\"><strong>\u00ab C\u2019est toi qui as form\u00e9 mes reins, qui m\u2019as tiss\u00e9 dans le sein de ma m\u00e8re. Je te loue de ce que je suis une cr\u00e9ature si merveilleuse. Tes \u0153uvres sont admirables, et mon \u00e2me le reconna\u00eet bien. \u00bb <em>Psaume 139.13, 14<\/em><\/strong><\/p>\n<p>En rendant hommage au Seigneur pour ses bienfaits, le croyant sait appr\u00e9cier l\u2019amour que le Cr\u00e9ateur manifeste envers l\u2019ensemble de ses cr\u00e9atures. La vie cr\u00e9\u00e9e par Dieu est sans aucun doute le fruit de l\u2019amour qui le caract\u00e9rise.<\/p>\n<p><!--more-->L\u2019amour est sup\u00e9rieur \u00e0 la foi et \u00e0 l\u2019esp\u00e9rance c\u2019est lui qui les produit et les motive. Il est sup\u00e9rieur parce qu\u2019il a une port\u00e9e \u00e9ternelle. Ajoutons parmi ces belles vertus celle de la bont\u00e9.<\/p>\n<p>La bont\u00e9 que le chr\u00e9tien est cens\u00e9 produire, se cultive comme une plante, s\u2019entretient en soi et s\u2019exerce au plus profond du c\u0153ur. Celui qui ne s\u2019aime pas ne saura pas non plus aimer son prochain et lui manifester cette tranche du fruit de l\u2019Esprit. L\u2019amour a comme vocation d\u2019\u00eatre le moteur de notre vie et le ciment de nos relations humaines. Ainsi, la bont\u00e9 est l\u2019une des forces spirituelles que Dieu donne \u00e0 chacun de nous, une force qui trouve sa source dans l\u2019amour et la bont\u00e9 de Dieu lui-m\u00eame.<\/p>\n<p>Le chr\u00e9tien ne doit pas avoir peur d\u2019\u00eatre bon m\u00eame dans un monde o\u00f9 on a l\u2019impression que les gens sont individualistes et m\u00e9fiants.la bont\u00e9 ne se crie pas, elle ne fait pas sa propre promotion \u2026 elle se laisse deviner, appr\u00e9cier et pratiquer silencieusement comme ces belles images que nous offre la nature et qui ne font pas de bruit mais qui \u00e9merveillent, s\u2019appr\u00e9cient dans la contemplation.<\/p>\n<p>La tranche de bont\u00e9 que repr\u00e9sente le fruit de l\u2019Esprit se vit parfois dans le silence et r\u00e9jouit le c\u0153ur, comme le spectacle d\u2019un coucher de soleil.<br \/>\nRestez attentif pendant cette nouvelle journ\u00e9e car, dans le silence et la discr\u00e9tion, vous serez fort probablement appel\u00e9 \u00e0 exercer la bont\u00e9.<\/p>\n<p>Pri\u00e8re du jour : \u00ab Merci P\u00e8re, de me donner l\u2019occasion de faire preuve de bont\u00e9 envers ceux qui en ont besoin et que l\u2019Esprit me conduise dans cette exp\u00e9rience. Amen ! \u00bb<\/p>\n","protected":false},"excerpt":{"rendered":"<p>La bont\u00e9 dans la cr\u00e9ation \u00ab C\u2019est toi qui as form\u00e9 mes reins, qui m\u2019as tiss\u00e9 dans le sein de ma m\u00e8re. Je te loue de ce que je suis une cr\u00e9ature si merveilleuse. Tes \u0153uvres sont admirables, et mon \u00e2me le reconna\u00eet bien. \u00bb Psaume 139.13, 14 En rendant hommage au Seigneur pour ses [&hellip;]<\/p>\n","protected":false},"author":4,"featured_media":0,"comment_status":"open","ping_status":"open","sticky":false,"template":"","format":"standard","meta":{"_exactmetrics_skip_tracking":false,"_exactmetrics_sitenote_active":false,"_exactmetrics_sitenote_note":"","_exactmetrics_sitenote_category":0,"footnotes":""},"categories":[15],"tags":[],"_links":{"self":[{"href":"http:\/\/reveiletreforme.adventiste.re\/index.php?rest_route=\/wp\/v2\/posts\/8233"}],"collection":[{"href":"http:\/\/reveiletreforme.adventiste.re\/index.php?rest_route=\/wp\/v2\/posts"}],"about":[{"href":"http:\/\/reveiletreforme.adventiste.re\/index.php?rest_route=\/wp\/v2\/types\/post"}],"author":[{"embeddable":true,"href":"http:\/\/reveiletreforme.adventiste.re\/index.php?rest_route=\/wp\/v2\/users\/4"}],"replies":[{"embeddable":true,"href":"http:\/\/reveiletreforme.adventiste.re\/index.php?rest_route=%2Fwp%2Fv2%2Fcomments&post=8233"}],"version-history":[{"count":4,"href":"http:\/\/reveiletreforme.adventiste.re\/index.php?rest_route=\/wp\/v2\/posts\/8233\/revisions"}],"predecessor-version":[{"id":8237,"href":"http:\/\/reveiletreforme.adventiste.re\/index.php?rest_route=\/wp\/v2\/posts\/8233\/revisions\/8237"}],"wp:attachment":[{"href":"http:\/\/reveiletreforme.adventiste.re\/index.php?rest_route=%2Fwp%2Fv2%2Fmedia&parent=8233"}],"wp:term":[{"taxonomy":"category","embeddable":true,"href":"http:\/\/reveiletreforme.adventiste.re\/index.php?rest_route=%2Fwp%2Fv2%2Fcategories&post=8233"},{"taxonomy":"post_tag","embeddable":true,"href":"http:\/\/reveiletreforme.adventiste.re\/index.php?rest_route=%2Fwp%2Fv2%2Ftags&post=8233"}],"curies":[{"name":"wp","href":"https:\/\/api.w.org\/{rel}","templated":true}]}}