{"id":8252,"date":"2018-06-30T00:08:05","date_gmt":"2018-06-29T20:08:05","guid":{"rendered":"http:\/\/reveiletreforme.adventiste.re\/?p=8252"},"modified":"2018-06-17T00:11:49","modified_gmt":"2018-06-16T20:11:49","slug":"vigile-matinale-30-juin-3","status":"publish","type":"post","link":"http:\/\/reveiletreforme.adventiste.re\/?p=8252","title":{"rendered":"Vigile matinale 30 juin"},"content":{"rendered":"<p style=\"text-align: center;\"><strong>Le progr\u00e8s en J\u00e9sus-Christ !<\/strong><\/p>\n<p style=\"text-align: center;\"><strong>\u00ab Vous donc, vous serez parfaits comme votre P\u00e8re c\u00e9leste est parfait \u00bb <em>Matthieu 5,48<\/em><\/strong><\/p>\n<p>J\u2019ai toujours quelques inqui\u00e9tudes quand je vois des taches de mildiou sur mes vignes. Je n\u2019aime pas non plus voir les feuilles de mes fruitiers prendre des couleurs qui ne sont pas de bons signes. J\u2019aime que tout soit parfait, n\u2019est-ce pas ? Et ce qui me fait sourire en \u00e9crivant ces lignes, c\u2019est que moi-m\u00eame je ne suis pas parfait. Comment puis-je souhaiter que mes fruitiers soient parfaits ?<\/p>\n<p><!--more-->Et c\u2019est l\u00e0 que j\u2019entends la voix de J\u00e9sus dans son fameux Sermon sur la montagne. Le plus interpelant, c\u2019est que J\u00e9sus parle non pas des apparences mais de ce qui vient de l\u2019int\u00e9rieur de l\u2019homme. Si quelqu\u2019un sait \u00eatre bon envers ceux qui ne l\u2019aiment pas, il apprend \u00e0 ressembler au P\u00e8re c\u00e9leste.<br \/>\n<em>\u00ab Eh bien ! moi, je vous dis&#8230; \u00bb.<\/em> L\u2019invitation du Christ aujourd\u2019hui est claire.<\/p>\n<p>Elle fait \u00e9cho \u00e0 cette autre phrase de J\u00e9sus concernant la perfection \u00e0 l\u2019imitatio dei\u2026 Le chr\u00e9tien ne peut pas \u00eatre m\u00e9diocre. Celui qui suit le Christ se doit d\u2019\u00eatre entier. Il n\u2019y a pas de demi-mesure. Il est chr\u00e9tien de jour comme de nuit, devant les difficult\u00e9s ou lorsque tout va bien. Celui qui suit J\u00e9sus tend \u00e0 la perfection. Non pas par orgueil, mais parce qu\u2019il a son mod\u00e8le en J\u00e9sus-Christ, qui nous montre le P\u00e8re. <em>\u00ab Celui qui m\u2019a vu a vu le P\u00e8re \u00bb<\/em>. N\u2019oublions donc pas que notre vie et notre relation avec Dieu sont intimement li\u00e9es. La mani\u00e8re dont nous vivons n\u2019est pas indiff\u00e9rente \u00e0 la mani\u00e8re dont nous prions.<\/p>\n<p>Pr\u00e9parons-nous donc \u00e0 l\u2019adoration pendant la semaine, en accumulant les bonnes \u0153uvres, afin de pouvoir les pr\u00e9senter au P\u00e8re comme r\u00e9sultat de l\u2019\u0153uvre du Saint-Esprit en nous. En toute humilit\u00e9 mais avec joie.<\/p>\n<p>Le d\u00e9fi de J\u00e9sus ne rel\u00e8ve pas d\u2019un imp\u00e9ratif dans le texte original. Le verbe est au futur. <em>\u00ab Vous serez donc parfaits\u2026 \u00bb<\/em> Comme pour parler de croissance, de perfectibilit\u00e9, de d\u00e9veloppement. A l\u2019instar d\u2019un arbre fruitier qui est totalement lui-m\u00eame quand son fruit est bon. Il est digne de porter son nom.<\/p>\n<p><em>Pri\u00e8re du jour :<\/em> \u00ab Jusqu\u2019o\u00f9 devrons-nous entendre cette notion de perfection, Seigneur ? Instruis-nous chaque jour, pour agir comme le P\u00e8re c\u00e9leste, chacun \u00e0 son niveau mais avec le d\u00e9sir profond de faire le bien. Amen ! \u00bb<\/p>\n","protected":false},"excerpt":{"rendered":"<p>Le progr\u00e8s en J\u00e9sus-Christ ! \u00ab Vous donc, vous serez parfaits comme votre P\u00e8re c\u00e9leste est parfait \u00bb Matthieu 5,48 J\u2019ai toujours quelques inqui\u00e9tudes quand je vois des taches de mildiou sur mes vignes. Je n\u2019aime pas non plus voir les feuilles de mes fruitiers prendre des couleurs qui ne sont pas de bons signes. [&hellip;]<\/p>\n","protected":false},"author":4,"featured_media":0,"comment_status":"open","ping_status":"open","sticky":false,"template":"","format":"standard","meta":{"_exactmetrics_skip_tracking":false,"_exactmetrics_sitenote_active":false,"_exactmetrics_sitenote_note":"","_exactmetrics_sitenote_category":0,"footnotes":""},"categories":[15],"tags":[],"_links":{"self":[{"href":"http:\/\/reveiletreforme.adventiste.re\/index.php?rest_route=\/wp\/v2\/posts\/8252"}],"collection":[{"href":"http:\/\/reveiletreforme.adventiste.re\/index.php?rest_route=\/wp\/v2\/posts"}],"about":[{"href":"http:\/\/reveiletreforme.adventiste.re\/index.php?rest_route=\/wp\/v2\/types\/post"}],"author":[{"embeddable":true,"href":"http:\/\/reveiletreforme.adventiste.re\/index.php?rest_route=\/wp\/v2\/users\/4"}],"replies":[{"embeddable":true,"href":"http:\/\/reveiletreforme.adventiste.re\/index.php?rest_route=%2Fwp%2Fv2%2Fcomments&post=8252"}],"version-history":[{"count":3,"href":"http:\/\/reveiletreforme.adventiste.re\/index.php?rest_route=\/wp\/v2\/posts\/8252\/revisions"}],"predecessor-version":[{"id":8255,"href":"http:\/\/reveiletreforme.adventiste.re\/index.php?rest_route=\/wp\/v2\/posts\/8252\/revisions\/8255"}],"wp:attachment":[{"href":"http:\/\/reveiletreforme.adventiste.re\/index.php?rest_route=%2Fwp%2Fv2%2Fmedia&parent=8252"}],"wp:term":[{"taxonomy":"category","embeddable":true,"href":"http:\/\/reveiletreforme.adventiste.re\/index.php?rest_route=%2Fwp%2Fv2%2Fcategories&post=8252"},{"taxonomy":"post_tag","embeddable":true,"href":"http:\/\/reveiletreforme.adventiste.re\/index.php?rest_route=%2Fwp%2Fv2%2Ftags&post=8252"}],"curies":[{"name":"wp","href":"https:\/\/api.w.org\/{rel}","templated":true}]}}