{"id":8264,"date":"2018-07-03T00:34:37","date_gmt":"2018-07-02T20:34:37","guid":{"rendered":"http:\/\/reveiletreforme.adventiste.re\/?p=8264"},"modified":"2018-06-17T10:37:35","modified_gmt":"2018-06-17T06:37:35","slug":"vigile-matinale-03-juillet-3","status":"publish","type":"post","link":"http:\/\/reveiletreforme.adventiste.re\/?p=8264","title":{"rendered":"Vigile matinale 03 juillet"},"content":{"rendered":"<p style=\"text-align: center;\"><strong>Aimable dans son foyer<\/strong><\/p>\n<p style=\"text-align: center;\"><strong>\u00ab Moi et ma maison nous servirons l\u2019\u00c9ternel ! \u00bb<em> Josu\u00e9 24.15<\/em><\/strong><\/p>\n<p>La famille est le premier lieu d\u2019apprentissage des valeurs que nous transmet la parole de Dieu. Le fruit ne tombe pas bien loin de l\u2019arbre dit-on. Aussi, il nous faut envisager, ici et maintenant, comment nous conduire en ce qui concerne notre devoir e porter cette tranche du fruit spirituel qu\u2019on appelle l\u2019amabilit\u00e9.<\/p>\n<p><!--more-->L\u2019amabilit\u00e9 (ou la bienveillance) ne doit pas \u00eatre visible seulement \u00e0 l\u2019ext\u00e9rieur du foyer. Il serait inconcevable pour un chr\u00e9tien d\u2019\u00eatre aimable, poli, tol\u00e9rant, lorsqu\u2019il se trouve parmi des \u00e9trangers et montrer un comportement oppos\u00e9 lorsqu\u2019il se trouve avec son conjoint ou avec ses enfants.<\/p>\n<p>Comment vivre cela, si ce n\u2019est en se laissant conduire par l\u2019Esprit ! Lui seul peut nous \u00e9duquer, nous fa\u00e7onner et surtout nous transformer en vue de d\u00e9velopper une mentalit\u00e9 aimable, ouverte, accueillante. Une telle mentalit\u00e9 prend son essor au sein du foyer avant de s\u2019exprimer en dehors de la maison.<\/p>\n<p>En effet, il serait bien d\u2019exercer l\u2019amabilit\u00e9 avec ses proches avant de l\u2019exercer ailleurs. Il y a de r\u00e9els probl\u00e8mes lorsqu\u2019un individu para\u00eet aimable avec tout le monde sauf avec les gens de sa maison. L\u2019amabilit\u00e9 au sein du foyer se v\u00e9rifie dans les petits riens comme dans les grandes d\u00e9cisions de la vie. Elle sous-tend la prise de d\u00e9cisions comme leur application. Elle est \u00e9galement visible dans la qualit\u00e9 de participation aux affaires ordinaires de la famille.<\/p>\n<p>\u00catre aimable, c\u2019est sans doute apprendre \u00e0 respecter tous les membres de son foyer, du conjoint aux enfants, des parents ou autres proches. Ce respect se construit dans le dialogue, l\u2019honorabilit\u00e9, les t\u00e9moignages d\u2019affection, les compliments et les encouragements.<\/p>\n<p>Ne soyez pas surpris si je vous disais que le Saint-Esprit peut s\u2019occuper de tout besoin de transformation de notre mentalit\u00e9. Il est dispos\u00e9 \u00e0 combler nos lacunes en ce qui concerne l\u2019amabilit\u00e9. Chacun de nous sait ce qu\u2019il doit changer dans sa mani\u00e8re d\u2019\u00eatre, o\u00f9 il doit progresser et surtout, chacun de nous sait o\u00f9 le Seigneur doit absolument remporter des victoires dans sa vie.<\/p>\n<p><em>Pri\u00e8re du jour :<\/em> \u00ab Merci, \u00f4 Saint-Esprit, de conduire la transformation dont notre vie a besoin. Merci de nous donner un c\u0153ur aimable et un esprit bienveillant. Amen ! \u00bb<\/p>\n","protected":false},"excerpt":{"rendered":"<p>Aimable dans son foyer \u00ab Moi et ma maison nous servirons l\u2019\u00c9ternel ! \u00bb Josu\u00e9 24.15 La famille est le premier lieu d\u2019apprentissage des valeurs que nous transmet la parole de Dieu. Le fruit ne tombe pas bien loin de l\u2019arbre dit-on. Aussi, il nous faut envisager, ici et maintenant, comment nous conduire en ce [&hellip;]<\/p>\n","protected":false},"author":4,"featured_media":0,"comment_status":"open","ping_status":"open","sticky":false,"template":"","format":"standard","meta":{"_exactmetrics_skip_tracking":false,"_exactmetrics_sitenote_active":false,"_exactmetrics_sitenote_note":"","_exactmetrics_sitenote_category":0,"footnotes":""},"categories":[15],"tags":[],"_links":{"self":[{"href":"http:\/\/reveiletreforme.adventiste.re\/index.php?rest_route=\/wp\/v2\/posts\/8264"}],"collection":[{"href":"http:\/\/reveiletreforme.adventiste.re\/index.php?rest_route=\/wp\/v2\/posts"}],"about":[{"href":"http:\/\/reveiletreforme.adventiste.re\/index.php?rest_route=\/wp\/v2\/types\/post"}],"author":[{"embeddable":true,"href":"http:\/\/reveiletreforme.adventiste.re\/index.php?rest_route=\/wp\/v2\/users\/4"}],"replies":[{"embeddable":true,"href":"http:\/\/reveiletreforme.adventiste.re\/index.php?rest_route=%2Fwp%2Fv2%2Fcomments&post=8264"}],"version-history":[{"count":3,"href":"http:\/\/reveiletreforme.adventiste.re\/index.php?rest_route=\/wp\/v2\/posts\/8264\/revisions"}],"predecessor-version":[{"id":8267,"href":"http:\/\/reveiletreforme.adventiste.re\/index.php?rest_route=\/wp\/v2\/posts\/8264\/revisions\/8267"}],"wp:attachment":[{"href":"http:\/\/reveiletreforme.adventiste.re\/index.php?rest_route=%2Fwp%2Fv2%2Fmedia&parent=8264"}],"wp:term":[{"taxonomy":"category","embeddable":true,"href":"http:\/\/reveiletreforme.adventiste.re\/index.php?rest_route=%2Fwp%2Fv2%2Fcategories&post=8264"},{"taxonomy":"post_tag","embeddable":true,"href":"http:\/\/reveiletreforme.adventiste.re\/index.php?rest_route=%2Fwp%2Fv2%2Ftags&post=8264"}],"curies":[{"name":"wp","href":"https:\/\/api.w.org\/{rel}","templated":true}]}}