{"id":8453,"date":"2018-08-18T00:11:34","date_gmt":"2018-08-17T20:11:34","guid":{"rendered":"http:\/\/reveiletreforme.adventiste.re\/?p=8453"},"modified":"2018-08-16T21:13:54","modified_gmt":"2018-08-16T17:13:54","slug":"vigile-matinale-18-aout-3","status":"publish","type":"post","link":"http:\/\/reveiletreforme.adventiste.re\/?p=8453","title":{"rendered":"Vigile matinale 18 ao\u00fbt"},"content":{"rendered":"<p style=\"text-align: center;\"><strong>\u0152uvrer pour croire encore plus<\/strong><\/p>\n<p style=\"text-align: center;\"><strong>\u00ab C\u2019est par la foi qu\u2019Abraham, lors de sa vocation, ob\u00e9it et partit pour un lieu qu\u2019il devait recevoir en h\u00e9ritage, et qu\u2019il partit sans savoir o\u00f9 il allait. C\u2019est par la foi qu\u2019il vint s\u2019\u00e9tablir dans la terre promise comme dans une terre \u00e9trang\u00e8re, habitant sous des tentes, ainsi qu\u2019Isaac et Jacob, les coh\u00e9ritiers de la m\u00eame promesse. \u00bb <em>H\u00e9breux 11.8,9<\/em><\/strong><\/p>\n<p>La confiance ne s\u2019obtient pas dans une salle de classe. Elle se d\u00e9couvre \u00e0 l\u2019aune des promesses divines pour les diff\u00e9rents aspects de notre vie quotidienne. <!--more-->Une telle confiance, nourrie par les riches enseignements de la Parole de Dieu, forgera notre mentalit\u00e9 et c\u2019est cette derni\u00e8re qui refl\u00e8tera l\u2019engagement du membre d\u2019\u00e9glise. Toute \u00e9glise avancera selon la mentalit\u00e9 que le membre y injecte. Elle progressera au rythme de toute participation \u00e0 sa vie quotidienne, selon la vision \u00e0 long terme que chacun aura pour elle. Si le membre voit les choses de mani\u00e8re minimaliste, son \u00e9glise ira \u00e0 cette vitesse-l\u00e0. S\u2019il croit que la cause de J\u00e9sus-Christ est la plus juste des causes, il changera de vision et fera tout pour que l\u2019\u00c9glise en sorte gagnante.<\/p>\n<p>La gestion chr\u00e9tienne d\u2019une vie signifie qu\u2019il y a deux d\u00e9fis \u00e0 relever : r\u00e9ussir sa vie ici-bas plus que r\u00e9ussir dans la vie et augmenter le capital du Ma\u00eetre. Cela peut aussi conduire le croyant \u00e0 inviter le plus grand nombre de personnes \u00e0 emprunter le chemin du royaume et tout faire pour que ceux qui y marchent se sentent heureux, solidaires, aim\u00e9s\u2026 C\u2019est comme convaincre des gens \u00e0 emprunter une voie sure tandis que d\u2019autres veulent \u00e0 tout prix passer l\u00e0 o\u00f9 il y a de nombreux risques\u2026 L\u2019invitation doit correspondre \u00e0 une conviction personnelle, pour qu\u2019elle aille droit au c\u0153ur. Il n\u2019est pas question d\u2019abandonner le navire aux rats. Si g\u00e9rer sa vie c\u2019est d\u2019abord chercher \u00e0 lui donner un sens, une utilit\u00e9, il est certain que tout investissement pour la cause du Christ sera le plus beau parce que c\u2019est le seul qui ne repose sur aucune sp\u00e9culation, ou sur aucune loi fiscale. G\u00e9rer, c\u2019est pr\u00e9voir. Pr\u00e9voir, c\u2019est voir avant les autres ou avant l\u2019\u00e9v\u00e9nement lui-m\u00eame.<\/p>\n<p>Une nouvelle journ\u00e9e pour voir avec les yeux de la foi !<\/p>\n<p><em>Pri\u00e8re du jour :<\/em> \u00ab Merci mon Dieu, de poursuivre ton \u0153uvre en moi. Aide-moi, afin qu\u2019\u00e0 mon tour, je manifeste cette tranche du fruit de l\u2019Esprit qu\u2019on appelle la foi. Amen ! \u00bb<\/p>\n","protected":false},"excerpt":{"rendered":"<p>\u0152uvrer pour croire encore plus \u00ab C\u2019est par la foi qu\u2019Abraham, lors de sa vocation, ob\u00e9it et partit pour un lieu qu\u2019il devait recevoir en h\u00e9ritage, et qu\u2019il partit sans savoir o\u00f9 il allait. C\u2019est par la foi qu\u2019il vint s\u2019\u00e9tablir dans la terre promise comme dans une terre \u00e9trang\u00e8re, habitant sous des tentes, ainsi [&hellip;]<\/p>\n","protected":false},"author":4,"featured_media":0,"comment_status":"open","ping_status":"open","sticky":false,"template":"","format":"standard","meta":{"_exactmetrics_skip_tracking":false,"_exactmetrics_sitenote_active":false,"_exactmetrics_sitenote_note":"","_exactmetrics_sitenote_category":0,"footnotes":""},"categories":[15],"tags":[],"_links":{"self":[{"href":"http:\/\/reveiletreforme.adventiste.re\/index.php?rest_route=\/wp\/v2\/posts\/8453"}],"collection":[{"href":"http:\/\/reveiletreforme.adventiste.re\/index.php?rest_route=\/wp\/v2\/posts"}],"about":[{"href":"http:\/\/reveiletreforme.adventiste.re\/index.php?rest_route=\/wp\/v2\/types\/post"}],"author":[{"embeddable":true,"href":"http:\/\/reveiletreforme.adventiste.re\/index.php?rest_route=\/wp\/v2\/users\/4"}],"replies":[{"embeddable":true,"href":"http:\/\/reveiletreforme.adventiste.re\/index.php?rest_route=%2Fwp%2Fv2%2Fcomments&post=8453"}],"version-history":[{"count":3,"href":"http:\/\/reveiletreforme.adventiste.re\/index.php?rest_route=\/wp\/v2\/posts\/8453\/revisions"}],"predecessor-version":[{"id":8456,"href":"http:\/\/reveiletreforme.adventiste.re\/index.php?rest_route=\/wp\/v2\/posts\/8453\/revisions\/8456"}],"wp:attachment":[{"href":"http:\/\/reveiletreforme.adventiste.re\/index.php?rest_route=%2Fwp%2Fv2%2Fmedia&parent=8453"}],"wp:term":[{"taxonomy":"category","embeddable":true,"href":"http:\/\/reveiletreforme.adventiste.re\/index.php?rest_route=%2Fwp%2Fv2%2Fcategories&post=8453"},{"taxonomy":"post_tag","embeddable":true,"href":"http:\/\/reveiletreforme.adventiste.re\/index.php?rest_route=%2Fwp%2Fv2%2Ftags&post=8453"}],"curies":[{"name":"wp","href":"https:\/\/api.w.org\/{rel}","templated":true}]}}