{"id":8535,"date":"2018-09-07T00:14:52","date_gmt":"2018-09-06T20:14:52","guid":{"rendered":"http:\/\/reveiletreforme.adventiste.re\/?p=8535"},"modified":"2018-09-04T20:17:57","modified_gmt":"2018-09-04T16:17:57","slug":"vigile-matinale-07-septembre-2","status":"publish","type":"post","link":"http:\/\/reveiletreforme.adventiste.re\/?p=8535","title":{"rendered":"Vigile matinale 07 septembre"},"content":{"rendered":"<p style=\"text-align: center;\"><strong>Heureux les doux<\/strong><\/p>\n<p style=\"text-align: center;\"><strong>\u00ab Heureux les d\u00e9bonnaires, car ils h\u00e9riteront la terre ! \u00bb <em>Matthieu 5.5<\/em><\/strong><\/p>\n<p>Dans le Sermon sur la montagne, J\u00e9sus prononce ses fameuses B\u00e9atitudes. Il inclut une parole sur la douceur, comme un trait de caract\u00e8re propre \u00e0 ceux qui seront r\u00e9compens\u00e9s, in fine. Il d\u00e9clare :<\/p>\n<p><!--more-->J\u00e9sus laisse entendre ici que la vie \u00e9ternelle se pr\u00e9pare d\u00e8s \u00e0 pr\u00e9sent et qu\u2019elle s\u2019apprend dans l\u2019exercice de la douceur et de l\u2019humilit\u00e9. Ces deux aspects de l\u2019exp\u00e9rience chr\u00e9tienne ne peuvent \u00eatre port\u00e9s comme des masques. Il ne faut pas confondre la douceur avec les paroles doucereuses, la docilit\u00e9 servile ou m\u00eame l\u2019hypocrisie. L\u2019humilit\u00e9 ne doit pas non plus \u00eatre une forme de fausse modestie (ce qui est fort probablement l\u2019autre visage de l\u2019orgueil). La douceur \u00e9voqu\u00e9e ici est une caract\u00e9ristique du comportement chr\u00e9tien. Si J\u00e9sus en parle, c\u2019est pour donner \u00e0 ses disciples une indication claire sur leur attitude. La douceur peut se comprendre comme de l\u2019humilit\u00e9, comme une force int\u00e9rieure face aux agressions, aux injustices, aux in\u00e9galit\u00e9s et autres d\u00e9convenues. Le Seigneur veut que ses disciples apprennent \u00e0 vivre des relations paisibles, harmonieuses, \u00e9panouissantes avec leurs semblables. La douceur devient le t\u00e9moignage de l\u2019acceptation des principes du royaume de Dieu.<\/p>\n<p>Par ailleurs, la douceur dont parle J\u00e9sus ne doit pas \u00eatre vue comme de la faiblesse ou de la na\u00efvet\u00e9. Trop de chr\u00e9tiens ont confondu entre douceur et effacement. Les doux sont des non-violents et la non-violence n\u2019est ni la passivit\u00e9 ni l\u2019indiff\u00e9rence. Heureux les doux, car ils sont d\u00e9j\u00e0 sur la route de l\u2019\u00e9ternit\u00e9 !<\/p>\n<p>J\u00e9sus nous invite \u00e0 la douceur parce que lui-m\u00eame est doux et humble de c\u0153ur. Il n\u2019y a pas de myst\u00e8re autour de cet aspect du fruit spirituel. Nous sommes en face d\u2019une r\u00e9alit\u00e9 qui nous \u00e9chappe tr\u00e8s souvent : le disciple de J\u00e9sus-Christ n\u2019a pas d\u2019autre choix que de cultiver un esprit de douceur. Une telle d\u00e9marche n\u2019est pas facile face aux agressions et aux injustices, mais le Seigneur nous demande de d\u00e9velopper la douceur. Pour r\u00e9ussir, il nous faut apprendre de lui.<\/p>\n<p><em>Pri\u00e8re du jour :<\/em> \u00ab Donne-nous de comprendre pourquoi la douceur est la plus belle des r\u00e9ponses face aux mesquineries du comportement humain. Pour faire comme J\u00e9sus. Amen ! \u00bb<\/p>\n","protected":false},"excerpt":{"rendered":"<p>Heureux les doux \u00ab Heureux les d\u00e9bonnaires, car ils h\u00e9riteront la terre ! \u00bb Matthieu 5.5 Dans le Sermon sur la montagne, J\u00e9sus prononce ses fameuses B\u00e9atitudes. Il inclut une parole sur la douceur, comme un trait de caract\u00e8re propre \u00e0 ceux qui seront r\u00e9compens\u00e9s, in fine. Il d\u00e9clare :<\/p>\n","protected":false},"author":4,"featured_media":0,"comment_status":"open","ping_status":"open","sticky":false,"template":"","format":"standard","meta":{"_exactmetrics_skip_tracking":false,"_exactmetrics_sitenote_active":false,"_exactmetrics_sitenote_note":"","_exactmetrics_sitenote_category":0,"footnotes":""},"categories":[15],"tags":[],"_links":{"self":[{"href":"http:\/\/reveiletreforme.adventiste.re\/index.php?rest_route=\/wp\/v2\/posts\/8535"}],"collection":[{"href":"http:\/\/reveiletreforme.adventiste.re\/index.php?rest_route=\/wp\/v2\/posts"}],"about":[{"href":"http:\/\/reveiletreforme.adventiste.re\/index.php?rest_route=\/wp\/v2\/types\/post"}],"author":[{"embeddable":true,"href":"http:\/\/reveiletreforme.adventiste.re\/index.php?rest_route=\/wp\/v2\/users\/4"}],"replies":[{"embeddable":true,"href":"http:\/\/reveiletreforme.adventiste.re\/index.php?rest_route=%2Fwp%2Fv2%2Fcomments&post=8535"}],"version-history":[{"count":3,"href":"http:\/\/reveiletreforme.adventiste.re\/index.php?rest_route=\/wp\/v2\/posts\/8535\/revisions"}],"predecessor-version":[{"id":8538,"href":"http:\/\/reveiletreforme.adventiste.re\/index.php?rest_route=\/wp\/v2\/posts\/8535\/revisions\/8538"}],"wp:attachment":[{"href":"http:\/\/reveiletreforme.adventiste.re\/index.php?rest_route=%2Fwp%2Fv2%2Fmedia&parent=8535"}],"wp:term":[{"taxonomy":"category","embeddable":true,"href":"http:\/\/reveiletreforme.adventiste.re\/index.php?rest_route=%2Fwp%2Fv2%2Fcategories&post=8535"},{"taxonomy":"post_tag","embeddable":true,"href":"http:\/\/reveiletreforme.adventiste.re\/index.php?rest_route=%2Fwp%2Fv2%2Ftags&post=8535"}],"curies":[{"name":"wp","href":"https:\/\/api.w.org\/{rel}","templated":true}]}}