{"id":8543,"date":"2018-09-09T00:22:27","date_gmt":"2018-09-08T20:22:27","guid":{"rendered":"http:\/\/reveiletreforme.adventiste.re\/?p=8543"},"modified":"2018-09-04T20:24:43","modified_gmt":"2018-09-04T16:24:43","slug":"vigile-matinale-09-septembre-2","status":"publish","type":"post","link":"http:\/\/reveiletreforme.adventiste.re\/?p=8543","title":{"rendered":"Vigile matinale 09 septembre"},"content":{"rendered":"<p style=\"text-align: center;\"><strong>Contempler le Fils de Dieu<\/strong><\/p>\n<p style=\"text-align: center;\"><strong>\u00ab Et comme Mo\u00efse \u00e9leva le serpent dans le d\u00e9sert, il faut de m\u00eame que le Fils de l\u2019homme soit \u00e9lev\u00e9, afin que quiconque croit en lui ait la vie \u00e9ternelle. \u00bb <em>Jean 3.14,15<\/em><\/strong><\/p>\n<p>Sur notre acte de naissance, il n\u2019y a rien qui indique si nous avons h\u00e9rit\u00e9 d\u2019une nature douce\u2026 C\u2019est le Saint-Esprit qui peut nous aider.<\/p>\n<p><!--more-->Vous l\u2019avez sans doute compris : la nouvelle naissance fait d\u00e9couvrir le don de Dieu, \u00e0 savoir J\u00e9sus-Christ lui-m\u00eame et l\u2019\u0153uvre qu\u2019il veut op\u00e9rer en nous. Je ne sais \u00e0 quand remonte votre naissance spirituelle ni quand cela se produira dans votre vie, mais ce qui est s\u00fbr, c\u2019est qu\u2019il y a un lien in\u00e9vitable entre nouvelle naissance et transformation de notre caract\u00e8re.<\/p>\n<p>Un enfant qui na\u00eet apprend \u00e0 appr\u00e9cier ce qui lui est offert. Il le manifeste par des petits cris ou des sourires. Il le fait \u00e9galement en se blottissant dans les bras de sa m\u00e8re ou de son p\u00e8re et c\u2019est un moment sans pareil, plein de tendresse et d\u2019amour. Il en est de m\u00eame pour quiconque est n\u00e9 de l\u2019Esprit : il apprend \u00e0 appr\u00e9cier ce qui lui est offert par le Christ, \u00e0 savoir le pardon des p\u00e9ch\u00e9s, l\u2019acceptation comme enfant de Dieu et l\u2019esp\u00e9rance de la vie \u00e9ternelle.<\/p>\n<p>Une telle exp\u00e9rience cr\u00e9e de la reconnaissance envers Dieu et le croyant n\u00e9 d\u2019en haut d\u00e9veloppe une mentalit\u00e9 de louange et de t\u00e9moignage de son amour pour Dieu et de l\u2019amour de Dieu pour lui. Celui-l\u00e0 ne cherche pas de grands signes avant de dire sa foi et son esp\u00e9rance, il les exprime dans ces petits riens qui font l\u2019histoire d\u2019un \u00eatre humain, ces faits et gestes du quotidien, l\u00e0 o\u00f9 il est confront\u00e9 aux d\u00e9fis de la condition humaine.<\/p>\n<p>Sommes-nous pr\u00eats \u00e0 laisser l\u2019Esprit souffler o\u00f9 il veut dans notre vie pour y mettre de l\u2019ordre, pour op\u00e9rer les transformations n\u00e9cessaires \u00e0 notre v\u00e9ritable \u00e9panouissement ? Mais qu\u2019on se le dise : l\u2019Esprit n\u2019agit jamais contre la volont\u00e9 de l\u2019homme car il agit avec douceur. Aucune vie ne sera transform\u00e9e sans une soumission \u00e0 l\u2019action de l\u2019Esprit.<\/p>\n<p>La douceur ne vient pas dans notre vie par hasard. Ce n\u2019est pas un aspect g\u00e9n\u00e9tique ou naturel de notre vie. La vraie douceur ne peut venir que de l\u2019action de l\u2019Esprit.<\/p>\n<p><em>Pri\u00e8re du jour :<\/em> \u00ab Merci mon Dieu, de nous transformer gr\u00e2ce \u00e0 la douce influence de l\u2019Esprit dans notre vie. Augmente notre foi et que la contemplation du Christ ouvre profond\u00e9ment notre c\u0153ur \u00e0 la vie \u00e9ternelle. Nous voulons vivre de ta vie. Amen ! \u00bb<\/p>\n","protected":false},"excerpt":{"rendered":"<p>Contempler le Fils de Dieu \u00ab Et comme Mo\u00efse \u00e9leva le serpent dans le d\u00e9sert, il faut de m\u00eame que le Fils de l\u2019homme soit \u00e9lev\u00e9, afin que quiconque croit en lui ait la vie \u00e9ternelle. \u00bb Jean 3.14,15 Sur notre acte de naissance, il n\u2019y a rien qui indique si nous avons h\u00e9rit\u00e9 d\u2019une [&hellip;]<\/p>\n","protected":false},"author":4,"featured_media":0,"comment_status":"open","ping_status":"open","sticky":false,"template":"","format":"standard","meta":{"_exactmetrics_skip_tracking":false,"_exactmetrics_sitenote_active":false,"_exactmetrics_sitenote_note":"","_exactmetrics_sitenote_category":0,"footnotes":""},"categories":[15],"tags":[],"_links":{"self":[{"href":"http:\/\/reveiletreforme.adventiste.re\/index.php?rest_route=\/wp\/v2\/posts\/8543"}],"collection":[{"href":"http:\/\/reveiletreforme.adventiste.re\/index.php?rest_route=\/wp\/v2\/posts"}],"about":[{"href":"http:\/\/reveiletreforme.adventiste.re\/index.php?rest_route=\/wp\/v2\/types\/post"}],"author":[{"embeddable":true,"href":"http:\/\/reveiletreforme.adventiste.re\/index.php?rest_route=\/wp\/v2\/users\/4"}],"replies":[{"embeddable":true,"href":"http:\/\/reveiletreforme.adventiste.re\/index.php?rest_route=%2Fwp%2Fv2%2Fcomments&post=8543"}],"version-history":[{"count":3,"href":"http:\/\/reveiletreforme.adventiste.re\/index.php?rest_route=\/wp\/v2\/posts\/8543\/revisions"}],"predecessor-version":[{"id":8546,"href":"http:\/\/reveiletreforme.adventiste.re\/index.php?rest_route=\/wp\/v2\/posts\/8543\/revisions\/8546"}],"wp:attachment":[{"href":"http:\/\/reveiletreforme.adventiste.re\/index.php?rest_route=%2Fwp%2Fv2%2Fmedia&parent=8543"}],"wp:term":[{"taxonomy":"category","embeddable":true,"href":"http:\/\/reveiletreforme.adventiste.re\/index.php?rest_route=%2Fwp%2Fv2%2Fcategories&post=8543"},{"taxonomy":"post_tag","embeddable":true,"href":"http:\/\/reveiletreforme.adventiste.re\/index.php?rest_route=%2Fwp%2Fv2%2Ftags&post=8543"}],"curies":[{"name":"wp","href":"https:\/\/api.w.org\/{rel}","templated":true}]}}