{"id":8547,"date":"2018-09-10T00:25:02","date_gmt":"2018-09-09T20:25:02","guid":{"rendered":"http:\/\/reveiletreforme.adventiste.re\/?p=8547"},"modified":"2018-09-04T20:31:08","modified_gmt":"2018-09-04T16:31:08","slug":"vigile-matinale-10-septembre-2","status":"publish","type":"post","link":"http:\/\/reveiletreforme.adventiste.re\/?p=8547","title":{"rendered":"Vigile matinale 10 septembre"},"content":{"rendered":"<p style=\"text-align: center;\"><strong>Progresser avec le Christ<\/strong><\/p>\n<p style=\"text-align: center;\"><strong>\u00ab Ce qui est n\u00e9 de la chair est chair, et ce qui est n\u00e9 de l\u2019Esprit est esprit. Ne t\u2019\u00e9tonne pas si je t\u2019ai dit : Il vous faut na\u00eetre d\u2019en haut. \u00bb <em>Jean 3.4<\/em><\/strong><\/p>\n<p>Avec douceur, J\u00e9sus nous aide \u00e0 avancer sur le chemin du royaume.<\/p>\n<p><!--more-->Nicod\u00e8me, un Pharisien venu rencontrer J\u00e9sus de nuit, est \u00e9tonn\u00e9 par une telle d\u00e9claration et il montre que sa compr\u00e9hension se situait dans une lecture physique des choses. Dans sa compr\u00e9hension des choses, un homme d\u00e9j\u00e0 vieux ne pourrait jamais retrouver une place dans le sein maternel et rena\u00eetre comme un b\u00e9b\u00e9. C\u2019est une \u00e9vidence et naturellement on n\u2019a jamais vu une telle <em>\u00ab renaissance \u00bb<\/em>. La r\u00e9alit\u00e9 irr\u00e9futable de la physiologie ou de la biologie ne contredit pas la v\u00e9rit\u00e9 spirituelle que J\u00e9sus veut enseigner ! J\u00e9sus ne veut nullement dire qu\u2019un tel retour aux sources g\u00e9nitrices constituerait le signe du royaume de Dieu. Il veut plut\u00f4t attirer l\u2019attention de son interlocuteur sur quelque chose de plus profond, de plus intime.<\/p>\n<p>Ne sommes-nous pas souvent dans la situation de Nicod\u00e8me, posant un regard primaire sur la vie, sur les \u00eatres et les choses ? N\u2019est-ce pas pour nous l\u2019occasion de demander au Seigneur de nous aider \u00e0 changer de vision pour cheminer autrement avec lui.<\/p>\n<p>J\u00e9sus demande \u00e0 tous les Nicod\u00e8me d\u2019aujourd\u2019hui de na\u00eetre d\u2019en haut. La simple naissance biologique ne garantit pas la vie \u00e9ternelle, quel que soit l\u2019environnement o\u00f9 cela se serait produit. Pour entrer dans la vie propos\u00e9e par le Seigneur, il faut accepter d\u2019aller \u00e0 l\u2019essentiel, aller l\u00e0 o\u00f9 Dieu lui-m\u00eame nous appelle, c\u2019est-\u00e0-dire aux choses \u00e9lev\u00e9es. Notre P\u00e8re c\u00e9leste, dans sa bont\u00e9, veut nous arracher \u00e0 ce qui est charnel et source de m\u00e9chancet\u00e9, de mesquinerie, bref \u00e0 tout ce qui a \u00e9t\u00e9 alt\u00e9r\u00e9 par le p\u00e9ch\u00e9. Il veut que notre lien avec l\u2019Esprit produise plut\u00f4t de la douceur en nous. Notre Dieu veut certainement ouvrir nos yeux sur les perspectives \u00e9ternelles telles qu\u2019il les dessine par l\u2019\u0153uvre de son Fils J\u00e9sus, le Sauveur et Seigneur.<\/p>\n<p>\u00cates-vous dispos\u00e9, aujourd\u2019hui, \u00e0 le laisser op\u00e9rer cette nouvelle naissance en vous, en douceur ? Vous avez la libert\u00e9 d\u2019inviter le Saint-Esprit \u00e0 agir pour votre croissance\u2026<\/p>\n<p><em>Pri\u00e8re du jour :<\/em> \u00ab Notre P\u00e8re ! Tu es merveilleux. Tu es grand et tu veux nous sortir de ce qui est banal, de ce qui n\u2019a pas de lien avec ton royaume. Pour cela, tu nous demandes de na\u00eetre d\u2019en haut, de rena\u00eetre en toi et par toi. Aussi, op\u00e8re en nous et pour nous le miracle de cette nouvelle naissance. En J\u00e9sus ! Amen ! \u00bb<\/p>\n","protected":false},"excerpt":{"rendered":"<p>Progresser avec le Christ \u00ab Ce qui est n\u00e9 de la chair est chair, et ce qui est n\u00e9 de l\u2019Esprit est esprit. Ne t\u2019\u00e9tonne pas si je t\u2019ai dit : Il vous faut na\u00eetre d\u2019en haut. \u00bb Jean 3.4 Avec douceur, J\u00e9sus nous aide \u00e0 avancer sur le chemin du royaume.<\/p>\n","protected":false},"author":4,"featured_media":0,"comment_status":"open","ping_status":"open","sticky":false,"template":"","format":"standard","meta":{"_exactmetrics_skip_tracking":false,"_exactmetrics_sitenote_active":false,"_exactmetrics_sitenote_note":"","_exactmetrics_sitenote_category":0,"footnotes":""},"categories":[15],"tags":[],"_links":{"self":[{"href":"http:\/\/reveiletreforme.adventiste.re\/index.php?rest_route=\/wp\/v2\/posts\/8547"}],"collection":[{"href":"http:\/\/reveiletreforme.adventiste.re\/index.php?rest_route=\/wp\/v2\/posts"}],"about":[{"href":"http:\/\/reveiletreforme.adventiste.re\/index.php?rest_route=\/wp\/v2\/types\/post"}],"author":[{"embeddable":true,"href":"http:\/\/reveiletreforme.adventiste.re\/index.php?rest_route=\/wp\/v2\/users\/4"}],"replies":[{"embeddable":true,"href":"http:\/\/reveiletreforme.adventiste.re\/index.php?rest_route=%2Fwp%2Fv2%2Fcomments&post=8547"}],"version-history":[{"count":3,"href":"http:\/\/reveiletreforme.adventiste.re\/index.php?rest_route=\/wp\/v2\/posts\/8547\/revisions"}],"predecessor-version":[{"id":8550,"href":"http:\/\/reveiletreforme.adventiste.re\/index.php?rest_route=\/wp\/v2\/posts\/8547\/revisions\/8550"}],"wp:attachment":[{"href":"http:\/\/reveiletreforme.adventiste.re\/index.php?rest_route=%2Fwp%2Fv2%2Fmedia&parent=8547"}],"wp:term":[{"taxonomy":"category","embeddable":true,"href":"http:\/\/reveiletreforme.adventiste.re\/index.php?rest_route=%2Fwp%2Fv2%2Fcategories&post=8547"},{"taxonomy":"post_tag","embeddable":true,"href":"http:\/\/reveiletreforme.adventiste.re\/index.php?rest_route=%2Fwp%2Fv2%2Ftags&post=8547"}],"curies":[{"name":"wp","href":"https:\/\/api.w.org\/{rel}","templated":true}]}}