{"id":8551,"date":"2018-09-11T00:31:21","date_gmt":"2018-09-10T20:31:21","guid":{"rendered":"http:\/\/reveiletreforme.adventiste.re\/?p=8551"},"modified":"2018-09-04T20:33:51","modified_gmt":"2018-09-04T16:33:51","slug":"vigile-matinale-11-septembre-3","status":"publish","type":"post","link":"http:\/\/reveiletreforme.adventiste.re\/?p=8551","title":{"rendered":"Vigile matinale 11 septembre"},"content":{"rendered":"<p style=\"text-align: center;\"><strong>Des fruits de saison<\/strong><\/p>\n<p style=\"text-align: center;\"><strong>\u00ab Il donne du fruit en sa saison et son feuillage ne se fl\u00e9trit pas ; il r\u00e9ussit tout ce qu\u2019il fait. \u00bb <em>Psaume 1. 3b<\/em><\/strong><\/p>\n<p>La m\u00e9moire gustative nous fait chercher certaines douceurs selon les saisons. <!--more-->L\u2019hiver dans l\u2019h\u00e9misph\u00e8re nord devient l\u2019occasion de chercher les fruits d\u2019\u00e9t\u00e9 des r\u00e9gions tropicales. Heureusement qu\u2019il y a des magasins \u00ab exotiques \u00bb pour acheter des mangues, des longanes ou des litchis. Mais vous pouvez obtenir les fruits des pays chauds dans les supermarch\u00e9s tout le long de l\u2019ann\u00e9e. Cela s\u2019explique par le fait qu\u2019on cultive de nombreux fruits sous serre et les conditions industrielles ont tellement chang\u00e9 que d\u00e9sormais tout est possible. Toutefois, \u00e0 la d\u00e9gustation, vous pouvez v\u00e9rifier si un fruit a m\u00fbri naturellement\u2026<\/p>\n<p>Le croyant est appel\u00e9 \u00e0 porter des fruits en toutes saisons, sans se forcer et sans faire semblant. On ajoute du colorant \u00e0 certains fruits pour faire croire qu\u2019ils sont m\u00fbrs mais au fond, c\u2019est autre chose. La vie spirituelle est une exp\u00e9rience o\u00f9 on ne peut pas faire semblant pendant longtemps. En d\u2019autres termes, si on porte des masques, si on se donne des \u00ab couleurs \u00bb pour para\u00eetre bien aux yeux des autres, t\u00f4t ou tard cela finira par se remarquer. Il manquera quelque chose de fondamental, de profond. C\u2019est comme la diff\u00e9rence entre un fruit qui a m\u00fbri dans l\u2019arbre qui le porte et un autre qui a m\u00fbri dans des conditions artificielles.<\/p>\n<p>Pour atteindre cette maturit\u00e9 et la production de fruits, il n\u2019y a pas de secret : celui qui se conduit ainsi puise sa force dans la Parole de Dieu et, de m\u00eame qu\u2019un arbre plant\u00e9 pr\u00e8s d\u2019un courant d\u2019eau reste vert et donne du fruit de saison, le croyant, exprimant sa foi en toutes saisons, donnera certainement le t\u00e9moignage d\u2019une croissance spirituelle enracin\u00e9e dans la parole de Dieu.<\/p>\n<p>Le Saint-Esprit est d\u00e9sireux de nous aider \u00e0 produire du fruit\u2026<\/p>\n<p><em>Pri\u00e8re du jour :<\/em> \u00ab Seigneur ! Donne-nous l\u2019humilit\u00e9 d\u2019une vraie maturation sous l\u2019\u00e9gide de l\u2019Esprit Saint. Nous voulons porter des fruits en toutes saisons. Pour toi. Amen ! \u00bb<\/p>\n","protected":false},"excerpt":{"rendered":"<p>Des fruits de saison \u00ab Il donne du fruit en sa saison et son feuillage ne se fl\u00e9trit pas ; il r\u00e9ussit tout ce qu\u2019il fait. \u00bb Psaume 1. 3b La m\u00e9moire gustative nous fait chercher certaines douceurs selon les saisons.<\/p>\n","protected":false},"author":4,"featured_media":0,"comment_status":"open","ping_status":"open","sticky":false,"template":"","format":"standard","meta":{"_exactmetrics_skip_tracking":false,"_exactmetrics_sitenote_active":false,"_exactmetrics_sitenote_note":"","_exactmetrics_sitenote_category":0,"footnotes":""},"categories":[15],"tags":[],"_links":{"self":[{"href":"http:\/\/reveiletreforme.adventiste.re\/index.php?rest_route=\/wp\/v2\/posts\/8551"}],"collection":[{"href":"http:\/\/reveiletreforme.adventiste.re\/index.php?rest_route=\/wp\/v2\/posts"}],"about":[{"href":"http:\/\/reveiletreforme.adventiste.re\/index.php?rest_route=\/wp\/v2\/types\/post"}],"author":[{"embeddable":true,"href":"http:\/\/reveiletreforme.adventiste.re\/index.php?rest_route=\/wp\/v2\/users\/4"}],"replies":[{"embeddable":true,"href":"http:\/\/reveiletreforme.adventiste.re\/index.php?rest_route=%2Fwp%2Fv2%2Fcomments&post=8551"}],"version-history":[{"count":3,"href":"http:\/\/reveiletreforme.adventiste.re\/index.php?rest_route=\/wp\/v2\/posts\/8551\/revisions"}],"predecessor-version":[{"id":8553,"href":"http:\/\/reveiletreforme.adventiste.re\/index.php?rest_route=\/wp\/v2\/posts\/8551\/revisions\/8553"}],"wp:attachment":[{"href":"http:\/\/reveiletreforme.adventiste.re\/index.php?rest_route=%2Fwp%2Fv2%2Fmedia&parent=8551"}],"wp:term":[{"taxonomy":"category","embeddable":true,"href":"http:\/\/reveiletreforme.adventiste.re\/index.php?rest_route=%2Fwp%2Fv2%2Fcategories&post=8551"},{"taxonomy":"post_tag","embeddable":true,"href":"http:\/\/reveiletreforme.adventiste.re\/index.php?rest_route=%2Fwp%2Fv2%2Ftags&post=8551"}],"curies":[{"name":"wp","href":"https:\/\/api.w.org\/{rel}","templated":true}]}}