{"id":8556,"date":"2018-09-12T06:50:23","date_gmt":"2018-09-12T02:50:23","guid":{"rendered":"http:\/\/reveiletreforme.adventiste.re\/?p=8556"},"modified":"2018-09-12T06:50:23","modified_gmt":"2018-09-12T02:50:23","slug":"vigile-matinale-12-septembre-3","status":"publish","type":"post","link":"http:\/\/reveiletreforme.adventiste.re\/?p=8556","title":{"rendered":"Vigile matinale 12 septembre"},"content":{"rendered":"<p style=\"text-align: center;\"><strong>T\u00e9moins de la gr\u00e2ce<\/strong><\/p>\n<p style=\"text-align: center;\"><strong>\u00ab Voici que moi, je vous envoie comme des brebis au milieu des loups ; soyez donc rus\u00e9s comme les serpents et candides comme les colombes. \u00bb <em>Matthieu 10.16<\/em><\/strong><\/p>\n<p>Le Saint-Esprit pourrait nous conduire dans des situations de t\u00e9moignage inattendus. Mais la bonne nouvelle est qu\u2019il nous pr\u00e9pare pour ne pas \u00eatre pris au d\u00e9pourvu.<\/p>\n<p><!--more-->C\u2019est dans une soci\u00e9t\u00e9 de consommation qui cherche toujours de nouveaux produits, de nouvelles id\u00e9es que Dieu veut relancer ses enfants dans la mission.<\/p>\n<p>C\u2019est au c\u0153ur de cette soci\u00e9t\u00e9 que Dieu nous demande de proposer une Parole d\u2019esp\u00e9rance et d\u2019\u00e9ternit\u00e9, quelque chose de durable et qui n\u2019a pas de prix.<br \/>\nAujourd\u2019hui, pour une action efficace, les membres d\u2019\u00e9glise ont besoin de <em>\u00ab comprendre \u00bb<\/em> le monde pour r\u00e9pondre \u00e0 ses vrais besoins, non sur le plan mat\u00e9riel mais sur le plan existentiel, voire essentiel. Le chr\u00e9tien est en mission.<\/p>\n<p>De la simple situation de croyant, il devient disciple et en tant que tel il ne peut \u00e9viter d\u2019\u00eatre un t\u00e9moin pour J\u00e9sus-Christ. Sa foi est suscit\u00e9e non comme une fin en soi mais comme une nouvelle possibilit\u00e9 de t\u00e9moignage. Aucun croyant ne peut se consid\u00e9rer comme \u00e9tranger \u00e0 la mission dans un monde qui est toujours en effervescence. Mais le monde va probablement mal parce qu\u2019il ignore la v\u00e9ritable issue de l\u2019Histoire, issue li\u00e9e au retour de J\u00e9sus. Et si la mission n\u2019aboutit pas \u00e0 communiquer l\u2019esp\u00e9rance dans un monde qui semble ignorer son propre d\u00e9sespoir et sa destin\u00e9e, c\u2019est qu\u2019elle reste en de\u00e7\u00e0 de ses vrais objectifs.<\/p>\n<p>La Bible pr\u00e9sente un Dieu de gr\u00e2ce qui n\u2019est pas pris au d\u00e9pourvu par le p\u00e9ch\u00e9.<\/p>\n<p>Parce qu\u2019il est pr\u00e9ventif et pr\u00e9voyant, il communique \u00e0 l\u2019homme son d\u00e9sir de l\u2019aider \u00e0 ne pas rester dans le p\u00e9ch\u00e9 et \u00e0 ne pas subir ses cons\u00e9quences. Nous verrons plus loin que le Seigneur \u00e9duquera son peuple en ce qui concerne la gr\u00e2ce que lui seul peut assumer et il le montrera concr\u00e8tement \u00e0 travers le sanctuaire biblique. La gr\u00e2ce vient \u00e0 la rencontre de l\u2019homme sur son terrain, l\u00e0 m\u00eame o\u00f9 le p\u00e9ch\u00e9 le blesse, l\u2019affaiblit et l\u2019\u00e9loigne du projet de vie. Le monde a besoin d\u2019entendre ce message d\u2019esp\u00e9rance.<\/p>\n<p><em>Pri\u00e8re du jour :<\/em> \u00ab Seigneur, donne-nous aujourd\u2019hui une claire vision de la mission dans notre soci\u00e9t\u00e9 contemporaine. Amen ! \u00bb<\/p>\n","protected":false},"excerpt":{"rendered":"<p>T\u00e9moins de la gr\u00e2ce \u00ab Voici que moi, je vous envoie comme des brebis au milieu des loups ; soyez donc rus\u00e9s comme les serpents et candides comme les colombes. \u00bb Matthieu 10.16 Le Saint-Esprit pourrait nous conduire dans des situations de t\u00e9moignage inattendus. Mais la bonne nouvelle est qu\u2019il nous pr\u00e9pare pour ne pas [&hellip;]<\/p>\n","protected":false},"author":4,"featured_media":0,"comment_status":"open","ping_status":"open","sticky":false,"template":"","format":"standard","meta":{"_exactmetrics_skip_tracking":false,"_exactmetrics_sitenote_active":false,"_exactmetrics_sitenote_note":"","_exactmetrics_sitenote_category":0,"footnotes":""},"categories":[15],"tags":[],"_links":{"self":[{"href":"http:\/\/reveiletreforme.adventiste.re\/index.php?rest_route=\/wp\/v2\/posts\/8556"}],"collection":[{"href":"http:\/\/reveiletreforme.adventiste.re\/index.php?rest_route=\/wp\/v2\/posts"}],"about":[{"href":"http:\/\/reveiletreforme.adventiste.re\/index.php?rest_route=\/wp\/v2\/types\/post"}],"author":[{"embeddable":true,"href":"http:\/\/reveiletreforme.adventiste.re\/index.php?rest_route=\/wp\/v2\/users\/4"}],"replies":[{"embeddable":true,"href":"http:\/\/reveiletreforme.adventiste.re\/index.php?rest_route=%2Fwp%2Fv2%2Fcomments&post=8556"}],"version-history":[{"count":1,"href":"http:\/\/reveiletreforme.adventiste.re\/index.php?rest_route=\/wp\/v2\/posts\/8556\/revisions"}],"predecessor-version":[{"id":8557,"href":"http:\/\/reveiletreforme.adventiste.re\/index.php?rest_route=\/wp\/v2\/posts\/8556\/revisions\/8557"}],"wp:attachment":[{"href":"http:\/\/reveiletreforme.adventiste.re\/index.php?rest_route=%2Fwp%2Fv2%2Fmedia&parent=8556"}],"wp:term":[{"taxonomy":"category","embeddable":true,"href":"http:\/\/reveiletreforme.adventiste.re\/index.php?rest_route=%2Fwp%2Fv2%2Fcategories&post=8556"},{"taxonomy":"post_tag","embeddable":true,"href":"http:\/\/reveiletreforme.adventiste.re\/index.php?rest_route=%2Fwp%2Fv2%2Ftags&post=8556"}],"curies":[{"name":"wp","href":"https:\/\/api.w.org\/{rel}","templated":true}]}}