{"id":8735,"date":"2018-10-25T00:20:49","date_gmt":"2018-10-24T20:20:49","guid":{"rendered":"http:\/\/reveiletreforme.adventiste.re\/?p=8735"},"modified":"2018-10-20T18:22:56","modified_gmt":"2018-10-20T14:22:56","slug":"vigile-matinale-25-octobre-3","status":"publish","type":"post","link":"http:\/\/reveiletreforme.adventiste.re\/?p=8735","title":{"rendered":"Vigile matinale 25 octobre"},"content":{"rendered":"<p style=\"text-align: center;\"><strong>L\u2019Esprit accompagne le don<\/strong><\/p>\n<p style=\"text-align: center;\"><strong>\u00ab Malheureux \u00eates-vous, scribes et Pharisiens hypocrites, vous qui versez la d\u00eeme de la menthe, du fenouil et du cumin, alors que vous n\u00e9gligez ce qu\u2019il y a de plus grave dans la Loi : la justice, la mis\u00e9ricorde et la fid\u00e9lit\u00e9 ; c\u2019est ceci qu\u2019il fallait faire, sans n\u00e9gliger cela. \u00bb <em>Matthieu 23.23<\/em><\/strong><\/p>\n<p>La ma\u00eetrise de soi, autrement appel\u00e9e la temp\u00e9rance, permet au croyant de d\u00e9couvrir que la relation avec Dieu devient l\u2019occasion d\u2019une exp\u00e9rience de foi pratique.<\/p>\n<p><!--more-->De nombreux chr\u00e9tiens, quel que soit leur \u00e2ge, mettent Dieu \u00e0 l\u2019\u00e9preuve. Beaucoup de membres n\u2019ont pas de travail fixe mais ils n\u2019h\u00e9sitent pas \u00e0 donner la d\u00eeme de tout revenu \u00e0 l\u2019\u00c9ternel. Je rencontre des \u00e9tudiants qui le font lorsqu\u2019ils per\u00e7oivent une bourse d\u2019\u00e9tude, des m\u00e8res de famille avec les allocations et autres aides des organismes de service aupr\u00e8s des familles ; des retrait\u00e9s sur les int\u00e9r\u00eats que rapporte leur \u00e9pargne. J\u2019ai personnellement des signes que Dieu ne laisse jamais tomber ceux qui lui font confiance et qui n\u2019oublient pas les bienfaits pass\u00e9s. En apprenant \u00e0 bien g\u00e9rer ce qui est n\u00e9cessaire et \u00e0 ne pas courir apr\u00e8s le superflu, notre chemin de foi sera fort certainement \u00e9clair\u00e9 par les bont\u00e9s que Dieu a en r\u00e9serve pour nous.<\/p>\n<p>Toutefois, il ne suffit pas de ramener sa d\u00eeme r\u00e9guli\u00e8rement \u00e0 l\u2019\u00e9glise. J\u00e9sus demande de faire plus que cela lorsqu\u2019il s\u2019adresse \u00e0 ceux qui se donnent bonne conscience dans la pratique de la d\u00eeme et qui oublient le primordial. Il ne veut pas que ses disciples majorent le secondaire et n\u00e9gligent l\u2019essentiel. C\u2019est une mani\u00e8re de dire que si le c\u0153ur n\u2019est pas enti\u00e8rement consacr\u00e9 \u00e0 Dieu, le reste ne suivra pas. Le croyant fera des actes religieux mais il ne conna\u00eetra pas de v\u00e9ritable transformation spirituelle. Une telle exp\u00e9rience aide in\u00e9vitablement \u00e0 d\u00e9velopper un esprit missionnaire, pour que la Bonne Nouvelle du salut soit partag\u00e9e dans la joie d\u2019appartenir au Seigneur.<\/p>\n<p>Profitez de cette journ\u00e9e pour y penser s\u00e9rieusement et donnez au Saint-Esprit l\u2019occasion d\u2019accomplir son \u0153uvre en vous.<\/p>\n<p><em>Pri\u00e8re du jour :<\/em> \u00ab Que le Saint-Esprit poursuive son \u0153uvre de transformation dans nos vies. Pour mieux te servir, Seigneur. Amen ! \u00bb<\/p>\n","protected":false},"excerpt":{"rendered":"<p>L\u2019Esprit accompagne le don \u00ab Malheureux \u00eates-vous, scribes et Pharisiens hypocrites, vous qui versez la d\u00eeme de la menthe, du fenouil et du cumin, alors que vous n\u00e9gligez ce qu\u2019il y a de plus grave dans la Loi : la justice, la mis\u00e9ricorde et la fid\u00e9lit\u00e9 ; c\u2019est ceci qu\u2019il fallait faire, sans n\u00e9gliger cela. [&hellip;]<\/p>\n","protected":false},"author":4,"featured_media":0,"comment_status":"open","ping_status":"open","sticky":false,"template":"","format":"standard","meta":{"_exactmetrics_skip_tracking":false,"_exactmetrics_sitenote_active":false,"_exactmetrics_sitenote_note":"","_exactmetrics_sitenote_category":0,"footnotes":""},"categories":[15],"tags":[],"_links":{"self":[{"href":"http:\/\/reveiletreforme.adventiste.re\/index.php?rest_route=\/wp\/v2\/posts\/8735"}],"collection":[{"href":"http:\/\/reveiletreforme.adventiste.re\/index.php?rest_route=\/wp\/v2\/posts"}],"about":[{"href":"http:\/\/reveiletreforme.adventiste.re\/index.php?rest_route=\/wp\/v2\/types\/post"}],"author":[{"embeddable":true,"href":"http:\/\/reveiletreforme.adventiste.re\/index.php?rest_route=\/wp\/v2\/users\/4"}],"replies":[{"embeddable":true,"href":"http:\/\/reveiletreforme.adventiste.re\/index.php?rest_route=%2Fwp%2Fv2%2Fcomments&post=8735"}],"version-history":[{"count":3,"href":"http:\/\/reveiletreforme.adventiste.re\/index.php?rest_route=\/wp\/v2\/posts\/8735\/revisions"}],"predecessor-version":[{"id":8738,"href":"http:\/\/reveiletreforme.adventiste.re\/index.php?rest_route=\/wp\/v2\/posts\/8735\/revisions\/8738"}],"wp:attachment":[{"href":"http:\/\/reveiletreforme.adventiste.re\/index.php?rest_route=%2Fwp%2Fv2%2Fmedia&parent=8735"}],"wp:term":[{"taxonomy":"category","embeddable":true,"href":"http:\/\/reveiletreforme.adventiste.re\/index.php?rest_route=%2Fwp%2Fv2%2Fcategories&post=8735"},{"taxonomy":"post_tag","embeddable":true,"href":"http:\/\/reveiletreforme.adventiste.re\/index.php?rest_route=%2Fwp%2Fv2%2Ftags&post=8735"}],"curies":[{"name":"wp","href":"https:\/\/api.w.org\/{rel}","templated":true}]}}