{"id":8880,"date":"2018-11-20T00:23:06","date_gmt":"2018-11-19T20:23:06","guid":{"rendered":"http:\/\/reveiletreforme.adventiste.re\/?p=8880"},"modified":"2018-11-16T14:25:12","modified_gmt":"2018-11-16T10:25:12","slug":"vigile-matinale-20-novembre-3","status":"publish","type":"post","link":"http:\/\/reveiletreforme.adventiste.re\/?p=8880","title":{"rendered":"Vigile matinale 20 novembre"},"content":{"rendered":"<p style=\"text-align: center;\"><strong>Le chemin de d\u00e9livrance<\/strong><\/p>\n<p style=\"text-align: center;\"><strong>\u00ab Mais lorsque les c\u0153urs se convertissent au Seigneur, le voile est \u00f4t\u00e9. Or, le Seigneur c\u2019est l\u2019Esprit ; et l\u00e0 o\u00f9 est l\u2019Esprit du Seigneur, l\u00e0 est la libert\u00e9. Nous tous qui, le visage d\u00e9couvert, contemplons comme dans un miroir la gloire du Seigneur, nous sommes transform\u00e9s en la m\u00eame image, de gloire en gloire, comme par le Seigneur, l\u2019Esprit. \u00bb <em>2 Corinthiens 3.16-18<\/em><\/strong><\/p>\n<p>La vraie conversion permet de voir o\u00f9 Dieu veut nous conduire, sous la douce influence de l\u2019Esprit.<\/p>\n<p><!--more-->L\u2019esprit missionnaire est un antidote au sectarisme et au nombrilisme. Tout chr\u00e9tien engag\u00e9 dans le t\u00e9moignage de ce que Dieu a fait pour lui et dans la proclamation de l\u2019av\u00e8nement de son royaume d\u00e9veloppera une mentalit\u00e9 positive, optimiste et cela se verra autour de lui.<\/p>\n<p>Comment concevez-vous le terme de \u00ab mission \u00bb dans le monde contemporain ? Y a-t-il une personne dans votre environnement familial qu\u2019il est urgent de \u00ab sauver \u00bb spirituellement ? Qui voulez-vous conduire au bapt\u00eame cette ann\u00e9e ? Qu\u2019en est-il de vos amis, de ceux qui n\u2019ont pas encore r\u00e9pondu \u00e0 l\u2019appel du Seigneur ?<\/p>\n<p>La Bonne Nouvelle du salut en J\u00e9sus-Christ doit \u00eatre pr\u00each\u00e9e dans le monde entier. Le monde dont il est question ici ne commence pas de l\u2019autre c\u00f4t\u00e9 du continent o\u00f9 vous vivez ou de l\u2019autre c\u00f4t\u00e9 de l\u2019oc\u00e9an qu\u2019il vous arrive de contempler. Il commence \u00e0 l\u2019endroit o\u00f9 vous vous tenez en cet instant, au sein du foyer, dans la rue o\u00f9 nous habitons, \u00e0 l\u2019\u00e9cole, \u00e0 l\u2019universit\u00e9, au travail, sur le terrain de sports\u2026 Le monde est grand, n\u2019est-ce pas ? Si vous \u00eates disciple du Christ, alors le chemin de foi vous conduira in\u00e9vitablement en mission.<\/p>\n<p>Le fruit de l\u2019Esprit, lorsqu\u2019il est visible dans votre vie, donnera l\u2019occasion aux autres de voir qu\u2019un engagement avec Dieu transforme r\u00e9ellement une vie.<\/p>\n<p>Une nouvelle journ\u00e9e s\u2019ouvre devant vous. Et pendant cette m\u00eame p\u00e9riode, Dieu compte sur vous pour partager la Bonne Nouvelle du salut \u00e0 ceux qui sont dans votre environnement quotidien.<\/p>\n<p><em>Pri\u00e8re du jour :<\/em> \u00ab Seigneur, tu nous donnes l\u2019occasion de t\u00e9moigner pour toi. Aide-nous \u00e0 nous soumettre \u00e0 ta volont\u00e9 pour que la Bonne Nouvelle du salut soit pr\u00each\u00e9e. Amen ! \u00bb<\/p>\n","protected":false},"excerpt":{"rendered":"<p>Le chemin de d\u00e9livrance \u00ab Mais lorsque les c\u0153urs se convertissent au Seigneur, le voile est \u00f4t\u00e9. Or, le Seigneur c\u2019est l\u2019Esprit ; et l\u00e0 o\u00f9 est l\u2019Esprit du Seigneur, l\u00e0 est la libert\u00e9. Nous tous qui, le visage d\u00e9couvert, contemplons comme dans un miroir la gloire du Seigneur, nous sommes transform\u00e9s en la m\u00eame [&hellip;]<\/p>\n","protected":false},"author":4,"featured_media":0,"comment_status":"open","ping_status":"open","sticky":false,"template":"","format":"standard","meta":{"_exactmetrics_skip_tracking":false,"_exactmetrics_sitenote_active":false,"_exactmetrics_sitenote_note":"","_exactmetrics_sitenote_category":0,"footnotes":""},"categories":[15],"tags":[],"_links":{"self":[{"href":"http:\/\/reveiletreforme.adventiste.re\/index.php?rest_route=\/wp\/v2\/posts\/8880"}],"collection":[{"href":"http:\/\/reveiletreforme.adventiste.re\/index.php?rest_route=\/wp\/v2\/posts"}],"about":[{"href":"http:\/\/reveiletreforme.adventiste.re\/index.php?rest_route=\/wp\/v2\/types\/post"}],"author":[{"embeddable":true,"href":"http:\/\/reveiletreforme.adventiste.re\/index.php?rest_route=\/wp\/v2\/users\/4"}],"replies":[{"embeddable":true,"href":"http:\/\/reveiletreforme.adventiste.re\/index.php?rest_route=%2Fwp%2Fv2%2Fcomments&post=8880"}],"version-history":[{"count":1,"href":"http:\/\/reveiletreforme.adventiste.re\/index.php?rest_route=\/wp\/v2\/posts\/8880\/revisions"}],"predecessor-version":[{"id":8881,"href":"http:\/\/reveiletreforme.adventiste.re\/index.php?rest_route=\/wp\/v2\/posts\/8880\/revisions\/8881"}],"wp:attachment":[{"href":"http:\/\/reveiletreforme.adventiste.re\/index.php?rest_route=%2Fwp%2Fv2%2Fmedia&parent=8880"}],"wp:term":[{"taxonomy":"category","embeddable":true,"href":"http:\/\/reveiletreforme.adventiste.re\/index.php?rest_route=%2Fwp%2Fv2%2Fcategories&post=8880"},{"taxonomy":"post_tag","embeddable":true,"href":"http:\/\/reveiletreforme.adventiste.re\/index.php?rest_route=%2Fwp%2Fv2%2Ftags&post=8880"}],"curies":[{"name":"wp","href":"https:\/\/api.w.org\/{rel}","templated":true}]}}