{"id":8887,"date":"2018-11-22T00:34:12","date_gmt":"2018-11-21T20:34:12","guid":{"rendered":"http:\/\/reveiletreforme.adventiste.re\/?p=8887"},"modified":"2018-11-22T08:37:36","modified_gmt":"2018-11-22T04:37:36","slug":"vigile-matinale-22-novembre-3","status":"publish","type":"post","link":"http:\/\/reveiletreforme.adventiste.re\/?p=8887","title":{"rendered":"Vigile matinale 22 novembre"},"content":{"rendered":"<p style=\"text-align: center;\"><strong>J\u00e9sus lib\u00e8re le Sabbat<\/strong><\/p>\n<p style=\"text-align: center;\"><strong>Or J\u00e9sus, un jour de sabbat, passait \u00e0 travers des champs de bl\u00e9 et ses disciples se mirent, chemin faisant, \u00e0 arracher des \u00e9pis. Les Pharisiens lui disaient : <em>\u00ab Regarde ce qu\u2019ils font le jour du sabbat ! Ce n\u2019est pas permis. \u00bb<\/em><\/strong><br \/>\n<strong>Et il leur dit : <em>\u00ab Vous n\u2019avez donc jamais lu ce qu\u2019a fait David lorsqu\u2019il s\u2019est trouv\u00e9 dans le besoin et qu\u2019il a eu faim, lui et ses compagnons, comment, au temps du grand pr\u00eatre Abiathar, il est entr\u00e9 dans la maison de Dieu, a mang\u00e9 les pains de l\u2019offrande que personne n\u2019a le droit de manger, sauf les pr\u00eatres, et en a donn\u00e9 aussi \u00e0 ceux qui \u00e9taient avec lui ? \u00bb<\/em><\/strong><br \/>\n<strong>Et il leur disait : <em>\u00ab Le sabbat a \u00e9t\u00e9 fait pour l\u2019homme et non l\u2019homme pour le sabbat, de sorte que le Fils de l\u2019homme est ma\u00eetre m\u00eame du sabbat. \u00bb<\/em><\/strong><br \/>\n<strong>Il entra de nouveau dans une synagogue ; il y avait l\u00e0 un homme qui avait la main paralys\u00e9e. Ils observaient J\u00e9sus pour voir s\u2019il le gu\u00e9rirait le jour du sabbat ; c\u2019\u00e9tait pour l\u2019accuser.<\/strong><br \/>\n<strong>J\u00e9sus dit \u00e0 l\u2019homme qui avait la main paralys\u00e9e : \u00ab L\u00e8ve-toi ! Viens au milieu. \u00bb<\/strong><br \/>\n<strong>Et il leur dit : <em>\u00ab Ce qui est permis le jour du sabbat, est-ce de faire le bien ou de faire le mal ? De sauver un \u00eatre vivant ou de le tuer ? \u00bb<\/em> Mais eux se taisaient. Promenant sur eux un regard de col\u00e8re, navr\u00e9 de l\u2019endurcissement de leur c\u0153ur, il dit \u00e0 cet homme : <em>\u00ab \u00c9tends la main. Il l\u2019\u00e9tendit et sa main fut gu\u00e9rie. \u00bb<\/em> <em>Marc 2.23-3.5 &#8211; Voir \u00e9galement Matthieu 12.1-13. Jean 5.8-18<\/em>.<\/strong><\/p>\n<p>Ce r\u00e9cit laisse entendre qu\u2019il y a des risques d\u2019une mauvaise interpr\u00e9tation du sabbat, lorsque le croyant montre une attitude ext\u00e9rieure qui est presque fig\u00e9e dans un rituel. <!--more-->J\u00e9sus encourage tous les observateurs du sabbat \u00e0 y trouver du sens. Il souhaite que ce jour ne soit pas organis\u00e9 autour de la question du <em>\u00ab faire ou ne pas faire \u00bb<\/em>. J\u00e9sus lib\u00e8re les hommes de leurs pr\u00e9jug\u00e9s et il lib\u00e8re le sabbat de toute mauvaise interpr\u00e9tation. Il veut l\u2019honorer, lui donnant toute sa valeur, parce qu\u2019il est le ma\u00eetre du sabbat.<\/p>\n<p>J\u00e9sus, le Fils de Dieu, a observ\u00e9 la loi morale. Sa mani\u00e8re d\u2019observer le sabbat ne manqua pas de susciter des conflits th\u00e9ologiques avec les responsables religieux de l\u2019\u00e9poque.<\/p>\n<p>L\u2019objectif du Christ \u00e9tait de d\u00e9passer la probl\u00e9matique du <em>\u00ab faire \u00bb<\/em>, sans pour autant dire que l\u2019observation du sabbat n\u2019\u00e9tait plus d\u2019actualit\u00e9. Il attira l\u2019attention sur l\u2019<em>\u00ab \u00eatre \u00bb<\/em> car celui-ci est directement li\u00e9 \u00e0 la prise de conscience de l\u2019importance de la Parole de Dieu.<\/p>\n<p><em>Pri\u00e8re du jour :<\/em> \u00ab Merci, Seigneur, de nous montrer que par l\u2019observation du sabbat, tu cherches \u00e0 donner de la dignit\u00e9 \u00e0 l\u2019\u00eatre humain. Amen ! \u00bb<\/p>\n","protected":false},"excerpt":{"rendered":"<p>J\u00e9sus lib\u00e8re le Sabbat Or J\u00e9sus, un jour de sabbat, passait \u00e0 travers des champs de bl\u00e9 et ses disciples se mirent, chemin faisant, \u00e0 arracher des \u00e9pis. Les Pharisiens lui disaient : \u00ab Regarde ce qu\u2019ils font le jour du sabbat ! Ce n\u2019est pas permis. \u00bb Et il leur dit : \u00ab Vous [&hellip;]<\/p>\n","protected":false},"author":4,"featured_media":0,"comment_status":"open","ping_status":"open","sticky":false,"template":"","format":"standard","meta":{"_exactmetrics_skip_tracking":false,"_exactmetrics_sitenote_active":false,"_exactmetrics_sitenote_note":"","_exactmetrics_sitenote_category":0,"footnotes":""},"categories":[15],"tags":[],"_links":{"self":[{"href":"http:\/\/reveiletreforme.adventiste.re\/index.php?rest_route=\/wp\/v2\/posts\/8887"}],"collection":[{"href":"http:\/\/reveiletreforme.adventiste.re\/index.php?rest_route=\/wp\/v2\/posts"}],"about":[{"href":"http:\/\/reveiletreforme.adventiste.re\/index.php?rest_route=\/wp\/v2\/types\/post"}],"author":[{"embeddable":true,"href":"http:\/\/reveiletreforme.adventiste.re\/index.php?rest_route=\/wp\/v2\/users\/4"}],"replies":[{"embeddable":true,"href":"http:\/\/reveiletreforme.adventiste.re\/index.php?rest_route=%2Fwp%2Fv2%2Fcomments&post=8887"}],"version-history":[{"count":4,"href":"http:\/\/reveiletreforme.adventiste.re\/index.php?rest_route=\/wp\/v2\/posts\/8887\/revisions"}],"predecessor-version":[{"id":8898,"href":"http:\/\/reveiletreforme.adventiste.re\/index.php?rest_route=\/wp\/v2\/posts\/8887\/revisions\/8898"}],"wp:attachment":[{"href":"http:\/\/reveiletreforme.adventiste.re\/index.php?rest_route=%2Fwp%2Fv2%2Fmedia&parent=8887"}],"wp:term":[{"taxonomy":"category","embeddable":true,"href":"http:\/\/reveiletreforme.adventiste.re\/index.php?rest_route=%2Fwp%2Fv2%2Fcategories&post=8887"},{"taxonomy":"post_tag","embeddable":true,"href":"http:\/\/reveiletreforme.adventiste.re\/index.php?rest_route=%2Fwp%2Fv2%2Ftags&post=8887"}],"curies":[{"name":"wp","href":"https:\/\/api.w.org\/{rel}","templated":true}]}}