{"id":8892,"date":"2018-11-23T00:20:41","date_gmt":"2018-11-22T20:20:41","guid":{"rendered":"http:\/\/reveiletreforme.adventiste.re\/?p=8892"},"modified":"2018-11-19T16:23:07","modified_gmt":"2018-11-19T12:23:07","slug":"vigile-matinale-23-novembre-3","status":"publish","type":"post","link":"http:\/\/reveiletreforme.adventiste.re\/?p=8892","title":{"rendered":"Vigile matinale 23 novembre"},"content":{"rendered":"<p style=\"text-align: center;\"><strong>Le sabbat pour l\u2019humain<\/strong><\/p>\n<p style=\"text-align: center;\"><strong>\u00ab Et il leur disait : \u00ab Le sabbat a \u00e9t\u00e9 fait pour l\u2019homme et non l\u2019homme pour le sabbat, de sorte que le Fils de l\u2019homme est ma\u00eetre m\u00eame du sabbat. \u00bb <em>Marc 2.27,28<\/em><\/strong><\/p>\n<p>J\u00e9sus fait ressortir que la notion de l\u2019alt\u00e9rit\u00e9 est inh\u00e9rente au sabbat, que nous ne pouvons pas invoquer ce jour et oublier le bonheur de l\u2019autre, quel qu\u2019il soit, conjoint, parent, enfant, prochain ou passant\u2026Ainsi, quand la communaut\u00e9 de foi se souvient du jour du sabbat et le sanctifie, elle se met en accord parfait avec le Christ.<!--more--> Quand ce jour devient b\u00e9n\u00e9diction pour le croyant et que lui-m\u00eame se transforme en source de b\u00e9n\u00e9diction pour autrui, le sabbat rev\u00eat les caract\u00e9ristiques d\u2019un jour de d\u00e9lices, un jour de f\u00eate. Vous n\u2019invitez personne chez vous pour que la personne se morfonde et regrette d\u2019\u00eatre venue chez vous, n\u2019est-ce pas ? Il en est de m\u00eame pour le Seigneur : il nous invite \u00e0 la f\u00eate du sabbat et il d\u00e9sire que ce soit jour de f\u00eate et de b\u00e9n\u00e9diction pour tous ceux qui font le choix d\u2019y entrer\u2026<\/p>\n<p>Le sabbat est le temps de rencontre par excellence avec l\u2019autre, parce qu\u2019il est porteur d\u2019esp\u00e9rance. En entrant dans cet espace-temps qu\u2019est le sabbat, le croyant entre dans le repos du Seigneur, un repos qui l\u2019am\u00e8ne \u00e0 consid\u00e9rer toutes les promesses de Dieu, celles qui orientent le c\u0153ur et les yeux vers un monde nouveau, o\u00f9 la paix et la joie, la justice et l\u2019harmonie r\u00e8gneront pour le bien de la cr\u00e9ature de Dieu. C\u2019est une autre mani\u00e8re de retourner vers les origines. Le sabbat rappelle que Dieu avait un projet pour l\u2019homme, projet que la d\u00e9sob\u00e9issance a interrompu. L\u2019homme peut sortir de tout d\u00e9sespoir en se tournant vers le Dieu de la vie. Ainsi, le sabbat garantit la restauration finale.<\/p>\n<p>Le Seigneur nous invite \u00e0 garder le sabbat, \u00e0 nous souvenir du jour du repos de mani\u00e8re dynamique. Il n\u2019est pas question d\u2019additionner des petits bouts de m\u00e9moire collective, comme la recherche de vieilles photos de famille ou des pi\u00e8ces d\u2019un puzzle. Il s\u2019agit plut\u00f4t d\u2019une remont\u00e9e dans le temps, remont\u00e9e demand\u00e9e par Dieu parce que ce jour est empreint de saintet\u00e9. Se souvenir sans le sanctifier serait de la nostalgie, dont Dieu veut justement nous garder. Se souvenir du sabbat pour le sanctifier, voil\u00e0 ce que Dieu nous demande tout simplement.<\/p>\n<p>Le Saint-Esprit cr\u00e9e en nous cette ouverture d\u2019esprit. Le sabbat en devient l\u2019occasion.<\/p>\n<p><em>Pri\u00e8re du jour :<\/em> \u00ab Merci Seigneur, Dieu Cr\u00e9ateur, car tu acceptes de nous connecter \u00e0 toi, gr\u00e2ce au sabbat. Amen ! \u00bb<\/p>\n","protected":false},"excerpt":{"rendered":"<p>Le sabbat pour l\u2019humain \u00ab Et il leur disait : \u00ab Le sabbat a \u00e9t\u00e9 fait pour l\u2019homme et non l\u2019homme pour le sabbat, de sorte que le Fils de l\u2019homme est ma\u00eetre m\u00eame du sabbat. \u00bb Marc 2.27,28 J\u00e9sus fait ressortir que la notion de l\u2019alt\u00e9rit\u00e9 est inh\u00e9rente au sabbat, que nous ne pouvons [&hellip;]<\/p>\n","protected":false},"author":4,"featured_media":0,"comment_status":"open","ping_status":"open","sticky":false,"template":"","format":"standard","meta":{"_exactmetrics_skip_tracking":false,"_exactmetrics_sitenote_active":false,"_exactmetrics_sitenote_note":"","_exactmetrics_sitenote_category":0,"footnotes":""},"categories":[15],"tags":[],"_links":{"self":[{"href":"http:\/\/reveiletreforme.adventiste.re\/index.php?rest_route=\/wp\/v2\/posts\/8892"}],"collection":[{"href":"http:\/\/reveiletreforme.adventiste.re\/index.php?rest_route=\/wp\/v2\/posts"}],"about":[{"href":"http:\/\/reveiletreforme.adventiste.re\/index.php?rest_route=\/wp\/v2\/types\/post"}],"author":[{"embeddable":true,"href":"http:\/\/reveiletreforme.adventiste.re\/index.php?rest_route=\/wp\/v2\/users\/4"}],"replies":[{"embeddable":true,"href":"http:\/\/reveiletreforme.adventiste.re\/index.php?rest_route=%2Fwp%2Fv2%2Fcomments&post=8892"}],"version-history":[{"count":4,"href":"http:\/\/reveiletreforme.adventiste.re\/index.php?rest_route=\/wp\/v2\/posts\/8892\/revisions"}],"predecessor-version":[{"id":8896,"href":"http:\/\/reveiletreforme.adventiste.re\/index.php?rest_route=\/wp\/v2\/posts\/8892\/revisions\/8896"}],"wp:attachment":[{"href":"http:\/\/reveiletreforme.adventiste.re\/index.php?rest_route=%2Fwp%2Fv2%2Fmedia&parent=8892"}],"wp:term":[{"taxonomy":"category","embeddable":true,"href":"http:\/\/reveiletreforme.adventiste.re\/index.php?rest_route=%2Fwp%2Fv2%2Fcategories&post=8892"},{"taxonomy":"post_tag","embeddable":true,"href":"http:\/\/reveiletreforme.adventiste.re\/index.php?rest_route=%2Fwp%2Fv2%2Ftags&post=8892"}],"curies":[{"name":"wp","href":"https:\/\/api.w.org\/{rel}","templated":true}]}}