{"id":8899,"date":"2018-11-24T00:40:30","date_gmt":"2018-11-23T20:40:30","guid":{"rendered":"http:\/\/reveiletreforme.adventiste.re\/?p=8899"},"modified":"2018-11-22T08:43:53","modified_gmt":"2018-11-22T04:43:53","slug":"vigile-matinale-24-novembre-4","status":"publish","type":"post","link":"http:\/\/reveiletreforme.adventiste.re\/?p=8899","title":{"rendered":"Vigile matinale 24 novembre"},"content":{"rendered":"<p style=\"text-align: center;\"><strong>Faire du sabbat ses d\u00e9lices<\/strong><\/p>\n<p style=\"text-align: center;\"><strong>\u00ab Si tu t\u2019abstiens de d\u00e9marches pendant le sabbat, et de traiter tes bonnes affaires en mon saint jour, si tu appelles le sabbat \u00ab Jouissance \u00bb, le saint jour du Seigneur \u00ab Glorieux \u00bb, si tu le glorifies, en renon\u00e7ant \u00e0 mener tes entreprises, \u00e0 tomber sur la bonne affaire et \u00e0 tenir des palabres sans fin, alors tu trouveras ta jouissance dans le Seigneur, je t\u2019emm\u00e8nerai en char sur les hauteurs de la Terre, je te ferai savourer le patrimoine de Jacob, ton p\u00e8re. Oui, la bouche du Seigneur a parl\u00e9 \u00bb. <em>\u00c9sa\u00efe 58.13,14<\/em><\/strong><\/p>\n<p>Le fruit de l\u2019Esprit ne se produit pas dans la contrainte ou dans la routine ; autrement dit, il ne peut se produire sans joie et sans bont\u00e9.<\/p>\n<p><!--more-->Comment le sabbat est-il v\u00e9cu ? Contrainte, routine ou f\u00eate hebdomadaire ? Pourrait-on aujourd\u2019hui \u00eatre pleinement engag\u00e9, \u00eatre un bon croyant du septi\u00e8me jour ? Jusqu\u2019o\u00f9 va le croyant dans son observation du sabbat ? Est-ce une affaire de nombre d\u2019heures (d\u2019un coucher du soleil jusqu\u2019au suivant) ? Est-ce seulement v\u00e9cu comme jour de culte, en particulier pendant le service de culte communautaire. Le sabbat est-il quelque chose de routinier, une habitude dans notre pratique religieuse ?<\/p>\n<p>Le sabbat n\u2019est pas le plus important des dix commandements, mais il n\u2019en est pas le moindre, non plus. Il est aussi important que tous les autres, puisque le D\u00e9calogue refl\u00e8te la relation que nous d\u00e9cidons librement d\u2019avoir avec Dieu et avec nos semblables. L\u2019\u00c9glise qui observe le sabbat n\u2019a pas \u00e0 rougir de son attachement \u00e0 la loi morale, \u00e0 partir du moment o\u00f9 elle n\u2019est ni l\u00e9galiste ni fanatique. L\u2019\u00c9glise doit cependant se demander si dans son exp\u00e9rience et dans son t\u00e9moignage, dans les situations d\u00e9licates auxquelles elle doit faire face, ses membres sont s\u00e9rieux quant \u00e0 l\u2019observation du sabbat. Sommes-nous fiers d\u2019observer ce jour comme un jour sp\u00e9cial, le plus beau de la semaine parce qu\u2019il est le jour par excellence de la rencontre avec Dieu ? Garder peut signifier pr\u00e9server, voire conserver. La Bible fait comprendre que le sabbat est ni pour les nostalgiques ni pour les conservateurs. Il n\u2019est pas un rituel d\u00e9suet ni un archa\u00efsme que nous perp\u00e9tuons. Garder le sabbat peut \u00eatre une exp\u00e9rience dynamique.<\/p>\n<p><em>Pri\u00e8re du jour :<\/em> \u00ab Que ton nom soit b\u00e9ni, toi le Seigneur du sabbat. Quel privil\u00e8ge tu nous accordes en nous donnant la possibilit\u00e9 d\u2019y entrer librement et surtout dans la joie de te rencontrer. Merci ! \u00bb<\/p>\n","protected":false},"excerpt":{"rendered":"<p>Faire du sabbat ses d\u00e9lices \u00ab Si tu t\u2019abstiens de d\u00e9marches pendant le sabbat, et de traiter tes bonnes affaires en mon saint jour, si tu appelles le sabbat \u00ab Jouissance \u00bb, le saint jour du Seigneur \u00ab Glorieux \u00bb, si tu le glorifies, en renon\u00e7ant \u00e0 mener tes entreprises, \u00e0 tomber sur la bonne [&hellip;]<\/p>\n","protected":false},"author":4,"featured_media":0,"comment_status":"open","ping_status":"open","sticky":false,"template":"","format":"standard","meta":{"_exactmetrics_skip_tracking":false,"_exactmetrics_sitenote_active":false,"_exactmetrics_sitenote_note":"","_exactmetrics_sitenote_category":0,"footnotes":""},"categories":[15],"tags":[],"_links":{"self":[{"href":"http:\/\/reveiletreforme.adventiste.re\/index.php?rest_route=\/wp\/v2\/posts\/8899"}],"collection":[{"href":"http:\/\/reveiletreforme.adventiste.re\/index.php?rest_route=\/wp\/v2\/posts"}],"about":[{"href":"http:\/\/reveiletreforme.adventiste.re\/index.php?rest_route=\/wp\/v2\/types\/post"}],"author":[{"embeddable":true,"href":"http:\/\/reveiletreforme.adventiste.re\/index.php?rest_route=\/wp\/v2\/users\/4"}],"replies":[{"embeddable":true,"href":"http:\/\/reveiletreforme.adventiste.re\/index.php?rest_route=%2Fwp%2Fv2%2Fcomments&post=8899"}],"version-history":[{"count":3,"href":"http:\/\/reveiletreforme.adventiste.re\/index.php?rest_route=\/wp\/v2\/posts\/8899\/revisions"}],"predecessor-version":[{"id":8902,"href":"http:\/\/reveiletreforme.adventiste.re\/index.php?rest_route=\/wp\/v2\/posts\/8899\/revisions\/8902"}],"wp:attachment":[{"href":"http:\/\/reveiletreforme.adventiste.re\/index.php?rest_route=%2Fwp%2Fv2%2Fmedia&parent=8899"}],"wp:term":[{"taxonomy":"category","embeddable":true,"href":"http:\/\/reveiletreforme.adventiste.re\/index.php?rest_route=%2Fwp%2Fv2%2Fcategories&post=8899"},{"taxonomy":"post_tag","embeddable":true,"href":"http:\/\/reveiletreforme.adventiste.re\/index.php?rest_route=%2Fwp%2Fv2%2Ftags&post=8899"}],"curies":[{"name":"wp","href":"https:\/\/api.w.org\/{rel}","templated":true}]}}