{"id":9090,"date":"2019-02-07T00:05:51","date_gmt":"2019-02-06T20:05:51","guid":{"rendered":"http:\/\/reveiletreforme.adventiste.re\/?p=9090"},"modified":"2019-02-05T23:12:30","modified_gmt":"2019-02-05T19:12:30","slug":"vigile-matinale-07-fevrier-5","status":"publish","type":"post","link":"http:\/\/reveiletreforme.adventiste.re\/?p=9090","title":{"rendered":"Vigile matinale 07 f\u00e9vrier"},"content":{"rendered":"<p style=\"text-align: center;\"><strong>Lumi\u00e8re du soleil<\/strong><\/p>\n<p style=\"text-align: center;\"><strong>\u00ab\u00a0Mais pour vous qui craignez mon nom, se l\u00e8vera Le soleil de la justice, Et la gu\u00e9rison sera sous ses ailes; Vous sortirez, et vous sauterez comme les veaux d&rsquo;une \u00e9table,\u00a0\u00bb<\/strong><br \/>\n<strong><em>Malachie 4:2<\/em><\/strong><\/p>\n<p>\u00a0Le soleil est primordial pour la provision d&rsquo;\u00e9nergie de notre plan\u00e8te. Une grande partie de son rayonnement est importante pour notre bien-\u00eatre, mais une exposition excessive aux ultraviolets peut \u00eatre dangereuse. Une sant\u00e9 optimale aujourd&rsquo;hui d\u00e9pend de l&rsquo;exposition ad\u00e9quate aux rayons de soleil. <!--more-->Nous pouvons avoir une nourriture de bonne qualit\u00e9 et faire beaucoup d&rsquo;exercices, mais nous ne serons pas totalement en bonne sant\u00e9 si nous n&rsquo;avons pas assez de lumi\u00e8re du soleil.<\/p>\n<p>La liste suivante \u00e9num\u00e8re les bienfaits connus de la lumi\u00e8re du soleil:<\/p>\n<ul>\n<li>Elle procure de la vitamine D qui est n\u00e9cessaire pour la formation et la r\u00e9paration des os<\/li>\n<li>Elle tue les microbes et renforce le syst\u00e8me immunitaire<\/li>\n<li>Elle am\u00e9liore notre humeur en augmentant la production de substances chimiques du \u00ab\u00a0bonheur\u00a0\u00bb (endorphines et hormones) dans notre cerveau.<\/li>\n<li>Elle stimule l&rsquo;app\u00e9tit<\/li>\n<li>Elle aide \u00e0 mieux dormir gr\u00e2ce \u00e0 la stimulation de certaines hormones de production<\/li>\n<li>Elle donne un \u00e9clat sain \u00e0 la peau<\/li>\n<li>Elle baisse le taux de cholest\u00e9rol<\/li>\n<\/ul>\n<p>Lorsqu&rsquo;on regarde la liste ci-dessous (qui n&rsquo;est pas exhaustive parce que beaucoup de recherches se font sur les b\u00e9n\u00e9fices du soleil, qui incluent le traitement de quelques cancers et l&rsquo;hypertension, etc.) on doit louer Dieu pour Sa parole qui nous informe tant. Notre verset aujourd&rsquo;hui parle du \u00ab\u00a0Soleil\u00a0\u00bb se levant \u00ab\u00a0la gu\u00e9rison dans ses ailes\u00a0\u00bb. On peut le dire du SOLEIL comme nous le voyons, mais c&rsquo;est aussi vrai du FILS de Dieu, qui est le plus grand m\u00e9decin.<\/p>\n<p>Malgr\u00e9 tout le bien que cause le soleil, on devrait prendre des pr\u00e9cautions car une trop grande exposition au soleil peut provoquer certains probl\u00e8mes. Lorsqu&rsquo;on va au soleil, on devrait se couvrir la peau pour la prot\u00e9ger d&rsquo;une exposition directe au soleil.<\/p>\n<blockquote><p>P\u00e9pite de sant\u00e9:<br \/>\n\u00ab\u00a0Le soleil est une des grandes b\u00e9n\u00e9dictions de Dieu, et 15-20 minutes d&rsquo;exposition au soleil chaque jour est n\u00e9cessaire pour un r\u00e9gime \u00e9quilibr\u00e9.\u00a0\u00bb<\/p><\/blockquote>\n<table width=\"291\">\n<tbody>\n<tr>\n<td><\/td>\n<\/tr>\n<\/tbody>\n<\/table>\n","protected":false},"excerpt":{"rendered":"<p>Lumi\u00e8re du soleil \u00ab\u00a0Mais pour vous qui craignez mon nom, se l\u00e8vera Le soleil de la justice, Et la gu\u00e9rison sera sous ses ailes; Vous sortirez, et vous sauterez comme les veaux d&rsquo;une \u00e9table,\u00a0\u00bb Malachie 4:2 \u00a0Le soleil est primordial pour la provision d&rsquo;\u00e9nergie de notre plan\u00e8te. Une grande partie de son rayonnement est importante [&hellip;]<\/p>\n","protected":false},"author":4,"featured_media":0,"comment_status":"open","ping_status":"open","sticky":false,"template":"","format":"standard","meta":{"_exactmetrics_skip_tracking":false,"_exactmetrics_sitenote_active":false,"_exactmetrics_sitenote_note":"","_exactmetrics_sitenote_category":0,"footnotes":""},"categories":[15],"tags":[],"_links":{"self":[{"href":"http:\/\/reveiletreforme.adventiste.re\/index.php?rest_route=\/wp\/v2\/posts\/9090"}],"collection":[{"href":"http:\/\/reveiletreforme.adventiste.re\/index.php?rest_route=\/wp\/v2\/posts"}],"about":[{"href":"http:\/\/reveiletreforme.adventiste.re\/index.php?rest_route=\/wp\/v2\/types\/post"}],"author":[{"embeddable":true,"href":"http:\/\/reveiletreforme.adventiste.re\/index.php?rest_route=\/wp\/v2\/users\/4"}],"replies":[{"embeddable":true,"href":"http:\/\/reveiletreforme.adventiste.re\/index.php?rest_route=%2Fwp%2Fv2%2Fcomments&post=9090"}],"version-history":[{"count":3,"href":"http:\/\/reveiletreforme.adventiste.re\/index.php?rest_route=\/wp\/v2\/posts\/9090\/revisions"}],"predecessor-version":[{"id":9092,"href":"http:\/\/reveiletreforme.adventiste.re\/index.php?rest_route=\/wp\/v2\/posts\/9090\/revisions\/9092"}],"wp:attachment":[{"href":"http:\/\/reveiletreforme.adventiste.re\/index.php?rest_route=%2Fwp%2Fv2%2Fmedia&parent=9090"}],"wp:term":[{"taxonomy":"category","embeddable":true,"href":"http:\/\/reveiletreforme.adventiste.re\/index.php?rest_route=%2Fwp%2Fv2%2Fcategories&post=9090"},{"taxonomy":"post_tag","embeddable":true,"href":"http:\/\/reveiletreforme.adventiste.re\/index.php?rest_route=%2Fwp%2Fv2%2Ftags&post=9090"}],"curies":[{"name":"wp","href":"https:\/\/api.w.org\/{rel}","templated":true}]}}