{"id":9208,"date":"2019-02-21T00:31:13","date_gmt":"2019-02-20T20:31:13","guid":{"rendered":"http:\/\/reveiletreforme.adventiste.re\/?p=9208"},"modified":"2019-02-21T00:31:13","modified_gmt":"2019-02-20T20:31:13","slug":"vigile-matinale-21-fevrier-4","status":"publish","type":"post","link":"http:\/\/reveiletreforme.adventiste.re\/?p=9208","title":{"rendered":"Vigile matinale 21 f\u00e9vrier"},"content":{"rendered":"<p style=\"text-align: center;\"><strong>Mon P\u00e8re<\/strong><\/p>\n<p style=\"text-align: center;\"><strong>\u00ab\u00a0la pers\u00e9v\u00e9rance la victoire dans l&rsquo;\u00e9preuve, et cette victoire l&rsquo;esp\u00e9rance. Or, l&rsquo;esp\u00e9rance ne trompe point, parce que l&rsquo;amour de Dieu est r\u00e9pandu dans nos c\u0153urs par le Saint-Esprit<br \/>\nqui nous a \u00e9t\u00e9 donn\u00e9.<\/strong><span class=\"p\"><strong>\u00a0\u00bb <em>Romains\u00a0 5:4-5<\/em><\/strong><br \/>\n<\/span><\/p>\n<p>Il s&rsquo;appelait Alven Mthombeni Yalala, \u00e9tait\u00a0 n\u00e9 le 17 d\u00e9cembre 1925 dans une famille M\u00e9thodiste. Il a fr\u00e9quent\u00e9 des \u00e9coles de mission M\u00e9thodiste et Presbyt\u00e9rienne au Zimbabwe. Apr\u00e8s une formation en Agriculture il a travaill\u00e9 dans diverses institutions au Zimbabwe, en Zambie, au Malawi et au Botswana.<\/p>\n<p><!--more--><\/p>\n<p>En 1951, il a rencontr\u00e9 Joyce Ndiweni, une \u00e9tudiante infirmi\u00e8re Adventiste \u00e0 l&rsquo;\u00c9cole Adventiste du Septi\u00e8me jour des Infirmi\u00e8res, Apr\u00e8s un certain temps, ils ont d\u00e9cid\u00e9 de se marier mais il travaillait au Malawi et n&rsquo;\u00e9tait pas Adventiste. Joyce est alors all\u00e9e travailler \u00e0 l&rsquo;h\u00f4pital Maluti SDA au Lesotho, compliquant ainsi la situation. Finalement le couple d\u00e9m\u00e9nagea au Zimbabwe pour essayer de se marier. lls voulaient un mariage Adventiste dans une \u00e9glise Adventiste, et Papa demanda le bapt\u00eame. Pasteur Nkiwane de l&rsquo;\u00e9glise SDA \u00e0 Bulawayo fut consult\u00e9 et Alven demanda \u00e0 \u00eatre enregistr\u00e9 \u00e0 l&rsquo;\u00e9glise; mais quand on lui demanda s&rsquo;il travaillait le Sabbat, il expliqua que tout ce qu&rsquo;il avait \u00e0 faire \u00e9tait de lire le pluviom\u00e8tre s&rsquo;il avait plu. Le pasteur dit qu&rsquo;Alven ne pourrait \u00eatre baptis\u00e9 car il travaillait encore le Sabbat, de sorte que le mariage n&rsquo;aurait pas lieu.<\/p>\n<p>Ensuite ils essay\u00e8rent un pasteur blanc de l&rsquo;\u00e9glise SDA de Hillside \u00e0 Bulawayo; le pasteur affirma qu&rsquo; \u00ab\u00a0aussi longtemps que vous vous levez le Sabbat matin pour aller \u00e0 un emploi r\u00e9mun\u00e9r\u00e9, nous ne pouvons vous donner le mariage\u00a0\u00bb. Le Pasteur invita \u00e0 d\u00e9jeuner ensuite Alven et Joyce chez lui un Sabbat. Arriv\u00e9s chez lui, les jeunes fianc\u00e9s observ\u00e8rent avec \u00e9tonnement des assiettes cass\u00e9es, des couverts \u00e9parpill\u00e9s, et de la nourriture partout dans la cuisine, avec personne \u00e0 la maison. Le pasteur leur expliqua qu&rsquo;il avait \u00e9pous\u00e9 une Catholique, mais elle s&rsquo;\u00e9tait engag\u00e9e \u00e0 devenir Adventiste. Maintenant la m\u00eame femme avait fait volte-face et ne s&rsquo;int\u00e9ressait plus \u00e0 l&rsquo;Adventisrne. Alven et Joyce, le c\u0153ur bris\u00e9, et \u00e9puis\u00e9s, abandonn\u00e8rent le projet de se marier dans une \u00e9glise Adventiste c\u00e9l\u00e9br\u00e9e par un pasteur Adventiste.<\/p>\n<p>Le couple d\u00e9cida de se marier \u00e0 la Cour Civile. En d\u00e9pit de ces d\u00e9ceptions, Papa tenait toujours la foi Adventiste en haute estime. Tous leurs enfants furent \u00e9lev\u00e9s dans la foi Adventiste et y rest\u00e8rent. C&rsquo;est bien apr\u00e8s ces \u00e9v\u00e9nements et d&rsquo;autres d\u00e9ceptions que mon p\u00e8re fut baptis\u00e9 dans l&rsquo;\u00c9glise Adventiste. Mais il a toujours \u00e9t\u00e9 \u00e0 mes yeux un homme int\u00e8gre, un homme pr\u00eat \u00e0 tout pour sa famille.<\/p>\n<blockquote><p>P\u00e9pite de sant\u00e9:<br \/>\n\u00ab\u00a0L&rsquo;int\u00e9grit\u00e9 c&rsquo;est d&rsquo;\u00eatre un p\u00e8re droit pour ses enfants.\u00a0\u00bb<\/p><\/blockquote>\n","protected":false},"excerpt":{"rendered":"<p>Mon P\u00e8re \u00ab\u00a0la pers\u00e9v\u00e9rance la victoire dans l&rsquo;\u00e9preuve, et cette victoire l&rsquo;esp\u00e9rance. Or, l&rsquo;esp\u00e9rance ne trompe point, parce que l&rsquo;amour de Dieu est r\u00e9pandu dans nos c\u0153urs par le Saint-Esprit qui nous a \u00e9t\u00e9 donn\u00e9.\u00a0\u00bb Romains\u00a0 5:4-5 Il s&rsquo;appelait Alven Mthombeni Yalala, \u00e9tait\u00a0 n\u00e9 le 17 d\u00e9cembre 1925 dans une famille M\u00e9thodiste. Il a fr\u00e9quent\u00e9 [&hellip;]<\/p>\n","protected":false},"author":4,"featured_media":0,"comment_status":"open","ping_status":"open","sticky":false,"template":"","format":"standard","meta":{"_exactmetrics_skip_tracking":false,"_exactmetrics_sitenote_active":false,"_exactmetrics_sitenote_note":"","_exactmetrics_sitenote_category":0,"footnotes":""},"categories":[15],"tags":[],"_links":{"self":[{"href":"http:\/\/reveiletreforme.adventiste.re\/index.php?rest_route=\/wp\/v2\/posts\/9208"}],"collection":[{"href":"http:\/\/reveiletreforme.adventiste.re\/index.php?rest_route=\/wp\/v2\/posts"}],"about":[{"href":"http:\/\/reveiletreforme.adventiste.re\/index.php?rest_route=\/wp\/v2\/types\/post"}],"author":[{"embeddable":true,"href":"http:\/\/reveiletreforme.adventiste.re\/index.php?rest_route=\/wp\/v2\/users\/4"}],"replies":[{"embeddable":true,"href":"http:\/\/reveiletreforme.adventiste.re\/index.php?rest_route=%2Fwp%2Fv2%2Fcomments&post=9208"}],"version-history":[{"count":1,"href":"http:\/\/reveiletreforme.adventiste.re\/index.php?rest_route=\/wp\/v2\/posts\/9208\/revisions"}],"predecessor-version":[{"id":9209,"href":"http:\/\/reveiletreforme.adventiste.re\/index.php?rest_route=\/wp\/v2\/posts\/9208\/revisions\/9209"}],"wp:attachment":[{"href":"http:\/\/reveiletreforme.adventiste.re\/index.php?rest_route=%2Fwp%2Fv2%2Fmedia&parent=9208"}],"wp:term":[{"taxonomy":"category","embeddable":true,"href":"http:\/\/reveiletreforme.adventiste.re\/index.php?rest_route=%2Fwp%2Fv2%2Fcategories&post=9208"},{"taxonomy":"post_tag","embeddable":true,"href":"http:\/\/reveiletreforme.adventiste.re\/index.php?rest_route=%2Fwp%2Fv2%2Ftags&post=9208"}],"curies":[{"name":"wp","href":"https:\/\/api.w.org\/{rel}","templated":true}]}}