{"id":9210,"date":"2019-02-22T00:40:24","date_gmt":"2019-02-21T20:40:24","guid":{"rendered":"http:\/\/reveiletreforme.adventiste.re\/?p=9210"},"modified":"2019-02-21T23:45:35","modified_gmt":"2019-02-21T19:45:35","slug":"vigile-matinale-22-fevrier-4","status":"publish","type":"post","link":"http:\/\/reveiletreforme.adventiste.re\/?p=9210","title":{"rendered":"Vigile matinale 22 f\u00e9vrier"},"content":{"rendered":"<p style=\"text-align: center;\"><strong>Le pr\u00e9dicateur b\u00e8gue<\/strong><\/p>\n<p style=\"text-align: center;\"><strong>\u00ab\u00a0Car je connais les projets que j&rsquo;ai form\u00e9s sur vous, dit l&rsquo;Eternel, projets de paix et non de malheur, afin de vous donner un avenir et de l&rsquo;esp\u00e9rance.\u00a0\u00bb<em> J\u00e9r\u00e9mie 29:11<\/em><\/strong><span class=\"p\"><br \/>\n<\/span><\/p>\n<p>Depuis un tout jeune \u00e2ge, j&rsquo;avais \u00e9t\u00e9 si marqu\u00e9 par le pasteur de mon \u00e9glise locale, que je voulais devenir pasteur. A chaque fois qu&rsquo;il pr\u00eachait, je le regardais avec admiration. Cependant, avec le temps, ce qui au d\u00e9but \u00e9tait de l&rsquo;admiration \u00e9tait devenu un v\u00e9ritable appel de Dieu; j&rsquo;avais au fond du c\u0153ur la conviction que l&rsquo;objectif de ma vie \u00e9tait de devenir pr\u00e9dicateur. Cependant, un obstacle majeur mena\u00e7ait ce r\u00eave\u2014j&rsquo;\u00e9tais un petit gar\u00e7on avec un grave probl\u00e8me pour parler, car je b\u00e9gayais constamment quand je parlais.<!--more--><\/p>\n<p>Ma situation \u00e9tait si grave que lorsqu&rsquo;on me demanda pour la premi\u00e8re fois de pr\u00e9senter le bulletin des missions \u00e0 l&rsquo;\u00e9glise, je dus m&rsquo;arr\u00eater et m&rsquo;asseoir \u00e0 mi-chemin. Ce fut terriblement embarrassant pour l&rsquo;adolescent que j&rsquo;\u00e9tais. Plusieurs fois, je pr\u00e9tendais ignorer les r\u00e9ponses en classe quand le professeur m&rsquo;interrogeait. Se m\u00ealer \u00e0 des amis pendant la r\u00e9cr\u00e9ation relevait du d\u00e9fi et j&rsquo;\u00e9tais souvent l&rsquo;objet des moqueries de mes pairs. Mais je n&rsquo;abandonnais pas le r\u00eave de devenir pasteur. Quand on m&rsquo;interrogeait sur ma future carri\u00e8re, je r\u00e9pondais avec confiance que je serais pr\u00e9dicateur. Plusieurs fois on me fit la suggestion que je serais plus sage de choisir une profession o\u00f9 parler ne serait pas une n\u00e9cessit\u00e9 primordiale.<\/p>\n<p>Pendant quinze ans, chaque conversation \u00e9tait une lutte et chaque lecture en public provoquait une transpiration abondante. Ma classe d&rsquo;homil\u00e9tique au S\u00e9minaire ne fut pas une exception. Et pourtant je d\u00e9cidai avec l&rsquo;encouragement de mes parents et de ]&rsquo;\u00e9glise locale, d&rsquo;avancer jusqu&rsquo;\u00e0 mon but. A l&rsquo;\u00e2ge de 22 ans, j&rsquo;\u00e9tais pr\u00eat\u2014d&rsquo;un point de vue acad\u00e9mique\u2014\u00e0 commencer mon minist\u00e8re comme pasteur, mais la peur d&rsquo;ouvrir la bouche sans pouvoir \u00e9mettre un son \u00e9tait tr\u00e8s \u00e9crasante. Par la gr\u00e2ce de Dieu, je l&rsquo;ai fait! Pendant les 21 derni\u00e8res ann\u00e9es, j&rsquo;ai pris plaisir \u00e0 partager la parole de Dieu et \u00e0 vivre le r\u00eave de mon enfance. L&rsquo;endroit o\u00f9 je suis le plus heureux sur terre se trouve derri\u00e8re la chaire. <em>\u00ab\u00a0Vas-y! <\/em><em>Vas-y! Vas-y!\u00a0\u00bb <\/em>est devenu la devise de ma vie.<\/p>\n<blockquote><p>P\u00e9pite de sant\u00e9:<br \/>\n\u00ab\u00a0L&rsquo;Optimisme c&rsquo;est d&rsquo;affronter les obstacles avec d\u00e9termination et foi.\u00a0\u00bb<\/p><\/blockquote>\n","protected":false},"excerpt":{"rendered":"<p>Le pr\u00e9dicateur b\u00e8gue \u00ab\u00a0Car je connais les projets que j&rsquo;ai form\u00e9s sur vous, dit l&rsquo;Eternel, projets de paix et non de malheur, afin de vous donner un avenir et de l&rsquo;esp\u00e9rance.\u00a0\u00bb J\u00e9r\u00e9mie 29:11 Depuis un tout jeune \u00e2ge, j&rsquo;avais \u00e9t\u00e9 si marqu\u00e9 par le pasteur de mon \u00e9glise locale, que je voulais devenir pasteur. A [&hellip;]<\/p>\n","protected":false},"author":4,"featured_media":0,"comment_status":"open","ping_status":"open","sticky":false,"template":"","format":"standard","meta":{"_exactmetrics_skip_tracking":false,"_exactmetrics_sitenote_active":false,"_exactmetrics_sitenote_note":"","_exactmetrics_sitenote_category":0,"footnotes":""},"categories":[15],"tags":[],"_links":{"self":[{"href":"http:\/\/reveiletreforme.adventiste.re\/index.php?rest_route=\/wp\/v2\/posts\/9210"}],"collection":[{"href":"http:\/\/reveiletreforme.adventiste.re\/index.php?rest_route=\/wp\/v2\/posts"}],"about":[{"href":"http:\/\/reveiletreforme.adventiste.re\/index.php?rest_route=\/wp\/v2\/types\/post"}],"author":[{"embeddable":true,"href":"http:\/\/reveiletreforme.adventiste.re\/index.php?rest_route=\/wp\/v2\/users\/4"}],"replies":[{"embeddable":true,"href":"http:\/\/reveiletreforme.adventiste.re\/index.php?rest_route=%2Fwp%2Fv2%2Fcomments&post=9210"}],"version-history":[{"count":3,"href":"http:\/\/reveiletreforme.adventiste.re\/index.php?rest_route=\/wp\/v2\/posts\/9210\/revisions"}],"predecessor-version":[{"id":9212,"href":"http:\/\/reveiletreforme.adventiste.re\/index.php?rest_route=\/wp\/v2\/posts\/9210\/revisions\/9212"}],"wp:attachment":[{"href":"http:\/\/reveiletreforme.adventiste.re\/index.php?rest_route=%2Fwp%2Fv2%2Fmedia&parent=9210"}],"wp:term":[{"taxonomy":"category","embeddable":true,"href":"http:\/\/reveiletreforme.adventiste.re\/index.php?rest_route=%2Fwp%2Fv2%2Fcategories&post=9210"},{"taxonomy":"post_tag","embeddable":true,"href":"http:\/\/reveiletreforme.adventiste.re\/index.php?rest_route=%2Fwp%2Fv2%2Ftags&post=9210"}],"curies":[{"name":"wp","href":"https:\/\/api.w.org\/{rel}","templated":true}]}}