{"id":9214,"date":"2019-02-23T00:45:58","date_gmt":"2019-02-22T20:45:58","guid":{"rendered":"http:\/\/reveiletreforme.adventiste.re\/?p=9214"},"modified":"2019-02-21T23:52:23","modified_gmt":"2019-02-21T19:52:23","slug":"vigile-matinale-23-fevrier-4","status":"publish","type":"post","link":"http:\/\/reveiletreforme.adventiste.re\/?p=9214","title":{"rendered":"Vigile matinale 23 f\u00e9vrier"},"content":{"rendered":"<p style=\"text-align: center;\"><strong>T\u00e9moignage d&rsquo;un adulte de rue (1)<\/strong><\/p>\n<p style=\"text-align: center;\"><strong>\u00ab\u00a0Quand je marche dans la vall\u00e9e de l&rsquo;ombre de la mort, Je ne crains aucun mal, car tu es avec moi: Ta houlette et ton b\u00e2ton me rassurent.\u00a0\u00bb <em>Psaumes 23:4<\/em><\/strong><span class=\"p\"><br \/>\n<\/span><\/p>\n<p>Le 31 D\u00e9cembre 1999, alors que je n&rsquo;avais que 21 ans, ma m\u00e8re est morte et la vie est devenue subitement difficile. Elle \u00e9tait la seule personne qui me restait, \u00e9tant donn\u00e9 que mon p\u00e8re \u00e9tait d\u00e9c\u00e9d\u00e9 quand je n&rsquo;avais que trois ans. Elle jouissait d&rsquo;une sant\u00e9 parfaite, mais le jour de No\u00ebl, elle avait subitement \u00e9prouv\u00e9 des difficult\u00e9s \u00e0 respirer, et quelques jours apr\u00e8s elle poussa son dernier souffle.<!--more--><\/p>\n<p>Maman avait \u00e9t\u00e9 membre de la Nouvelle \u00c9glise Apostolique. Elle n&rsquo;avait pas \u00e9t\u00e9 contente quand j&rsquo;avais commenc\u00e9 \u00e0 m&rsquo;int\u00e9resser \u00e0 l&rsquo;\u00e9glise Adventiste plus t\u00f4t cette ann\u00e9e-l\u00e0. En fait, nous avions de nombreux arguments sur la religion. Mais ma voisine et amie m&rsquo;encouragea \u00e0 fr\u00e9quenter une \u00e9glise Adventiste du Septi\u00e8me jour, et je d\u00e9couvris que les Adventistes suivaient la Bible; qu&rsquo;il n&rsquo;y avait pas autant d&rsquo;incoh\u00e9rences que j&rsquo;avais constat\u00e9es dans d&rsquo;autres \u00e9glises. je savais que je ne rencontrerais pas un pasteur Adventiste du Septi\u00e8me jour, buvant de !&rsquo;alcool \u00e0 un bar.<\/p>\n<p>N\u00e9anmoins, Maman \u00e9tait maintenant partie. \u00c9tant donn\u00e9 que j&rsquo;\u00e9tais devenu orphelin, j&rsquo;habitais chez sa s\u0153ur, ma tante, qui se mit \u00e0 faire preuve de ressentiment envers moi. Au bout d&rsquo;un mois, je fus chass\u00e9 de la maison et ne savais o\u00f9 aller. j&rsquo;\u00e9tais cens\u00e9 compl\u00e9ter le Grade 12, mais je fus incapable de prendre part aux examens \u00e0 cause du manque d&rsquo;argent pour les frais d&rsquo;examens. Je devins ainsi un<em> \u00ab\u00a0adulte des rues.\u00a0\u00bb<\/em> je me mis \u00e0 dormir dans des b\u00e2timents inachev\u00e9s, \u00e0 faire de petits boulots pour des entrepreneurs afin de gagner de quoi vivre.<\/p>\n<p>D&rsquo;une certaine mani\u00e8re, je savais que Dieu \u00e9tait avec moi, m\u00eame pendant ces jours sombres.<\/p>\n<blockquote><p>P\u00e9pite de sant\u00e9:<br \/>\n\u00ab\u00a0L&rsquo;optimisme est de s&rsquo;accrocher, sans perdre espoir, m\u00eame quand la situation semble d\u00e9sesp\u00e9r\u00e9e.\u00a0\u00bb<\/p><\/blockquote>\n","protected":false},"excerpt":{"rendered":"<p>T\u00e9moignage d&rsquo;un adulte de rue (1) \u00ab\u00a0Quand je marche dans la vall\u00e9e de l&rsquo;ombre de la mort, Je ne crains aucun mal, car tu es avec moi: Ta houlette et ton b\u00e2ton me rassurent.\u00a0\u00bb Psaumes 23:4 Le 31 D\u00e9cembre 1999, alors que je n&rsquo;avais que 21 ans, ma m\u00e8re est morte et la vie est [&hellip;]<\/p>\n","protected":false},"author":4,"featured_media":0,"comment_status":"open","ping_status":"open","sticky":false,"template":"","format":"standard","meta":{"_exactmetrics_skip_tracking":false,"_exactmetrics_sitenote_active":false,"_exactmetrics_sitenote_note":"","_exactmetrics_sitenote_category":0,"footnotes":""},"categories":[15],"tags":[],"_links":{"self":[{"href":"http:\/\/reveiletreforme.adventiste.re\/index.php?rest_route=\/wp\/v2\/posts\/9214"}],"collection":[{"href":"http:\/\/reveiletreforme.adventiste.re\/index.php?rest_route=\/wp\/v2\/posts"}],"about":[{"href":"http:\/\/reveiletreforme.adventiste.re\/index.php?rest_route=\/wp\/v2\/types\/post"}],"author":[{"embeddable":true,"href":"http:\/\/reveiletreforme.adventiste.re\/index.php?rest_route=\/wp\/v2\/users\/4"}],"replies":[{"embeddable":true,"href":"http:\/\/reveiletreforme.adventiste.re\/index.php?rest_route=%2Fwp%2Fv2%2Fcomments&post=9214"}],"version-history":[{"count":3,"href":"http:\/\/reveiletreforme.adventiste.re\/index.php?rest_route=\/wp\/v2\/posts\/9214\/revisions"}],"predecessor-version":[{"id":9217,"href":"http:\/\/reveiletreforme.adventiste.re\/index.php?rest_route=\/wp\/v2\/posts\/9214\/revisions\/9217"}],"wp:attachment":[{"href":"http:\/\/reveiletreforme.adventiste.re\/index.php?rest_route=%2Fwp%2Fv2%2Fmedia&parent=9214"}],"wp:term":[{"taxonomy":"category","embeddable":true,"href":"http:\/\/reveiletreforme.adventiste.re\/index.php?rest_route=%2Fwp%2Fv2%2Fcategories&post=9214"},{"taxonomy":"post_tag","embeddable":true,"href":"http:\/\/reveiletreforme.adventiste.re\/index.php?rest_route=%2Fwp%2Fv2%2Ftags&post=9214"}],"curies":[{"name":"wp","href":"https:\/\/api.w.org\/{rel}","templated":true}]}}